{"id":1433,"date":"2016-01-01T00:01:23","date_gmt":"2015-12-31T23:01:23","guid":{"rendered":"http:\/\/www.heideducht.de\/test\/blog\/?p=1433"},"modified":"2016-01-01T19:05:44","modified_gmt":"2016-01-01T18:05:44","slug":"frohes-neues-jahr-2016","status":"publish","type":"post","link":"https:\/\/vonderheideducht.de\/?p=1433","title":{"rendered":"Frohes Neues Jahr 2016 !"},"content":{"rendered":"<p><img loading=\"lazy\" decoding=\"async\" class=\"alignnone size-full wp-image-1434\" src=\"https:\/\/i0.wp.com\/vonderheideducht.de\/blog\/wp-content\/uploads\/2015\/12\/neujahr2016.jpg?resize=474%2C184&#038;ssl=1\" alt=\"Frohes Neues Jahr 2016\" width=\"474\" height=\"184\" srcset=\"https:\/\/i0.wp.com\/vonderheideducht.de\/wp-content\/uploads\/2015\/12\/neujahr2016.jpg?w=482&amp;ssl=1 482w, https:\/\/i0.wp.com\/vonderheideducht.de\/wp-content\/uploads\/2015\/12\/neujahr2016.jpg?resize=300%2C116&amp;ssl=1 300w\" sizes=\"auto, (max-width: 474px) 100vw, 474px\" data-recalc-dims=\"1\" \/><\/p>\n<p><img loading=\"lazy\" decoding=\"async\" class=\"aligncenter wp-image-1571 \" src=\"https:\/\/i0.wp.com\/vonderheideducht.de\/blog\/wp-content\/uploads\/2016\/01\/utehorst.jpg?resize=265%2C398&#038;ssl=1\" alt=\"Ute und Horst\" width=\"265\" height=\"398\" srcset=\"https:\/\/i0.wp.com\/vonderheideducht.de\/wp-content\/uploads\/2016\/01\/utehorst.jpg?w=333&amp;ssl=1 333w, https:\/\/i0.wp.com\/vonderheideducht.de\/wp-content\/uploads\/2016\/01\/utehorst.jpg?resize=200%2C300&amp;ssl=1 200w\" sizes=\"auto, (max-width: 265px) 100vw, 265px\" data-recalc-dims=\"1\" \/><br \/>\nWir w\u00fcnschen Allen Freunden, Bekannten, Welpenk\u00e4ufern, Hundefreunden und Lesern unserer Homepage ein Frohes Neues Jahr, mit viel Gesundheit und Gl\u00fcck!<\/p>\n<p>Passend zum Neujahr haben wir eine neue Homepage, in einer etwas &#8222;j\u00fcngeren&#8220; Optik, doch weiterhin ganz im Stil der Heideducht! Wir hoffen, Euch gef\u00e4llt es auf unserer neuen Seite.<\/p>\n<p>Wir freuen uns auf ein hoffentlich sch\u00f6nes Jahr 2016 mit Euch.<\/p>\n<p>Herzlichst,<\/p>\n<p>Ute und Horst Ramm mit allen Cockern aus der Heideducht<\/p>\n","protected":false},"excerpt":{"rendered":"<p>Wir w\u00fcnschen Allen Freunden, Bekannten, Welpenk\u00e4ufern, Hundefreunden und Lesern unserer Homepage ein Frohes Neues Jahr, mit viel Gesundheit und Gl\u00fcck! Passend zum Neujahr haben wir eine neue Homepage, in einer etwas &#8222;j\u00fcngeren&#8220; Optik, doch weiterhin ganz im Stil der Heideducht! Wir hoffen, Euch gef\u00e4llt es auf unserer neuen Seite. Wir freuen uns auf ein hoffentlich &hellip; <a href=\"https:\/\/vonderheideducht.de\/?p=1433\" class=\"more-link\"><span class=\"screen-reader-text\">Frohes Neues Jahr 2016 !<\/span> weiterlesen <span class=\"meta-nav\">&rarr;<\/span><\/a><\/p>\n","protected":false},"author":1,"featured_media":0,"comment_status":"open","ping_status":"closed","sticky":false,"template":"","format":"image","meta":{"ngg_post_thumbnail":0,"jetpack_post_was_ever_published":false,"_jetpack_newsletter_access":"","_jetpack_dont_email_post_to_subs":false,"_jetpack_newsletter_tier_id":0,"footnotes":"","jetpack_publicize_message":"","jetpack_publicize_feature_enabled":true,"jetpack_social_post_already_shared":true,"jetpack_social_options":{"image_generator_settings":{"template":"highway","enabled":false}}},"categories":[10],"tags":[],"class_list":["post-1433","post","type-post","status-publish","format-image","hentry","category-aus-der-heideducht","post_format-post-format-image"],"jetpack_publicize_connections":[],"jetpack_featured_media_url":"","jetpack_sharing_enabled":true,"jetpack_shortlink":"https:\/\/wp.me\/p71my5-n7","jetpack_likes_enabled":true,"_links":{"self":[{"href":"https:\/\/vonderheideducht.de\/index.php?rest_route=\/wp\/v2\/posts\/1433","targetHints":{"allow":["GET"]}}],"collection":[{"href":"https:\/\/vonderheideducht.de\/index.php?rest_route=\/wp\/v2\/posts"}],"about":[{"href":"https:\/\/vonderheideducht.de\/index.php?rest_route=\/wp\/v2\/types\/post"}],"author":[{"embeddable":true,"href":"https:\/\/vonderheideducht.de\/index.php?rest_route=\/wp\/v2\/users\/1"}],"replies":[{"embeddable":true,"href":"https:\/\/vonderheideducht.de\/index.php?rest_route=%2Fwp%2Fv2%2Fcomments&post=1433"}],"version-history":[{"count":6,"href":"https:\/\/vonderheideducht.de\/index.php?rest_route=\/wp\/v2\/posts\/1433\/revisions"}],"predecessor-version":[{"id":1572,"href":"https:\/\/vonderheideducht.de\/index.php?rest_route=\/wp\/v2\/posts\/1433\/revisions\/1572"}],"wp:attachment":[{"href":"https:\/\/vonderheideducht.de\/index.php?rest_route=%2Fwp%2Fv2%2Fmedia&parent=1433"}],"wp:term":[{"taxonomy":"category","embeddable":true,"href":"https:\/\/vonderheideducht.de\/index.php?rest_route=%2Fwp%2Fv2%2Fcategories&post=1433"},{"taxonomy":"post_tag","embeddable":true,"href":"https:\/\/vonderheideducht.de\/index.php?rest_route=%2Fwp%2Fv2%2Ftags&post=1433"}],"curies":[{"name":"wp","href":"https:\/\/api.w.org\/{rel}","templated":true}]}}