{"id":1577,"date":"2016-01-02T13:39:51","date_gmt":"2016-01-02T12:39:51","guid":{"rendered":"http:\/\/www.heideducht.de\/blog\/?p=1577"},"modified":"2016-01-02T19:25:27","modified_gmt":"2016-01-02T18:25:27","slug":"urlaubsgruesse-aus-dem-harz","status":"publish","type":"post","link":"https:\/\/vonderheideducht.de\/?p=1577","title":{"rendered":"Urlaubsgr\u00fc\u00dfe aus dem Harz"},"content":{"rendered":"<p>Zum Abschlu\u00df des Jahres waren wir \u00fcber Weihnachten\u00a0 im Urlaub im Harz, und zwar an der Granetalsperre &#8211; nat\u00fcrlich mit unseren M\u00e4dels Nena und Hexe!<\/p>\n<p>Jeden Morgen sind wir sch\u00f6n auf den Waldwegen gewandert und am 1 Weihnachtstag waren wir noch auf dem Weihnachtsmarkt in Goslar- das war\u00a0 sehr sch\u00f6n.<\/p>\n<p>Hier ein paar Fotos!<\/p>\n<div class='polaroid-gallery galleryid-1577' style='width:340px;'>\n\t\t\t<a href=\"https:\/\/i0.wp.com\/vonderheideducht.de\/wp-content\/uploads\/2016\/01\/harz122015_001.jpg?fit=333%2C500&ssl=1\" title=\"Harzurlaub 2015\" rel=\"polaroid_1784314725\" class=\"polaroid-gallery-item showcaption\"><span class=\"polaroid-gallery-image\" title=\"\" style=\"background-image: url(https:\/\/i0.wp.com\/vonderheideducht.de\/wp-content\/uploads\/2016\/01\/harz122015_001.jpg?resize=150%2C150&ssl=1); width: 150px; height: 150px;\"><\/span><\/a>\n\t\t\t<a href=\"https:\/\/i0.wp.com\/vonderheideducht.de\/wp-content\/uploads\/2016\/01\/harz122015_002.jpg?fit=333%2C500&ssl=1\" title=\"Harzurlaub 2015\" rel=\"polaroid_1784314725\" class=\"polaroid-gallery-item showcaption\"><span class=\"polaroid-gallery-image\" title=\"\" style=\"background-image: url(https:\/\/i0.wp.com\/vonderheideducht.de\/wp-content\/uploads\/2016\/01\/harz122015_002.jpg?resize=150%2C150&ssl=1); width: 150px; height: 150px;\"><\/span><\/a>\n\t\t\t<br style=\"clear: both;\" \/>\n\t\t\t<a href=\"https:\/\/i0.wp.com\/vonderheideducht.de\/wp-content\/uploads\/2016\/01\/harz122015_003.jpg?fit=333%2C500&ssl=1\" title=\"Harzurlaub 2015\" rel=\"polaroid_1784314725\" class=\"polaroid-gallery-item showcaption\"><span class=\"polaroid-gallery-image\" title=\"\" style=\"background-image: url(https:\/\/i0.wp.com\/vonderheideducht.de\/wp-content\/uploads\/2016\/01\/harz122015_003.jpg?resize=150%2C150&ssl=1); width: 150px; height: 150px;\"><\/span><\/a>\n\t\t\t<a href=\"https:\/\/i0.wp.com\/vonderheideducht.de\/wp-content\/uploads\/2016\/01\/harz122015_004.jpg?fit=333%2C500&ssl=1\" title=\"Harzurlaub 2015\" rel=\"polaroid_1784314725\" class=\"polaroid-gallery-item showcaption\"><span class=\"polaroid-gallery-image\" title=\"\" style=\"background-image: url(https:\/\/i0.wp.com\/vonderheideducht.de\/wp-content\/uploads\/2016\/01\/harz122015_004.jpg?resize=150%2C150&ssl=1); width: 150px; height: 150px;\"><\/span><\/a>\n\t\t\t<br style=\"clear: both;\" \/>\n\t\t\t<a href=\"https:\/\/i0.wp.com\/vonderheideducht.de\/wp-content\/uploads\/2016\/01\/harz122015_005.jpg?fit=474%2C313&ssl=1\" title=\"Harzurlaub 2015\" rel=\"polaroid_1784314725\" class=\"polaroid-gallery-item showcaption\"><span class=\"polaroid-gallery-image\" title=\"\" style=\"background-image: url(https:\/\/i0.wp.com\/vonderheideducht.de\/wp-content\/uploads\/2016\/01\/harz122015_005.jpg?resize=150%2C150&ssl=1); width: 150px; height: 150px;\"><\/span><\/a>\n\t\t\t<a href=\"https:\/\/i0.wp.com\/vonderheideducht.de\/wp-content\/uploads\/2016\/01\/harz122015_006.jpg?fit=474%2C313&ssl=1\" title=\"Harz 2015\" rel=\"polaroid_1784314725\" class=\"polaroid-gallery-item showcaption\"><span class=\"polaroid-gallery-image\" title=\"\" style=\"background-image: url(https:\/\/i0.wp.com\/vonderheideducht.de\/wp-content\/uploads\/2016\/01\/harz122015_006.jpg?resize=150%2C150&ssl=1); width: 150px; height: 150px;\"><\/span><\/a>\n\t\t\t<br style=\"clear: both;\" \/>\n\t\t\t<a href=\"https:\/\/i0.wp.com\/vonderheideducht.de\/wp-content\/uploads\/2016\/01\/harz122015_007.jpg?fit=474%2C313&ssl=1\" title=\"Harz 2015\" rel=\"polaroid_1784314725\" class=\"polaroid-gallery-item showcaption\"><span class=\"polaroid-gallery-image\" title=\"\" style=\"background-image: url(https:\/\/i0.wp.com\/vonderheideducht.de\/wp-content\/uploads\/2016\/01\/harz122015_007.jpg?resize=150%2C150&ssl=1); width: 150px; height: 150px;\"><\/span><\/a>\n\t\t\t<br style=\"clear: both;\" \/><\/div>\n\n","protected":false},"excerpt":{"rendered":"<p>Zum Abschlu\u00df des Jahres waren wir \u00fcber Weihnachten\u00a0 im Urlaub im Harz, und zwar an der Granetalsperre &#8211; nat\u00fcrlich mit unseren M\u00e4dels Nena und Hexe! Jeden Morgen sind wir sch\u00f6n auf den Waldwegen gewandert und am 1 Weihnachtstag waren wir noch auf dem Weihnachtsmarkt in Goslar- das war\u00a0 sehr sch\u00f6n. Hier ein paar Fotos!<\/p>\n","protected":false},"author":1,"featured_media":0,"comment_status":"open","ping_status":"closed","sticky":false,"template":"","format":"gallery","meta":{"ngg_post_thumbnail":0,"jetpack_post_was_ever_published":false,"_jetpack_newsletter_access":"","_jetpack_dont_email_post_to_subs":false,"_jetpack_newsletter_tier_id":0,"footnotes":"","jetpack_publicize_message":"","jetpack_publicize_feature_enabled":true,"jetpack_social_post_already_shared":true,"jetpack_social_options":{"image_generator_settings":{"template":"highway","enabled":false}}},"categories":[10],"tags":[],"class_list":["post-1577","post","type-post","status-publish","format-gallery","hentry","category-aus-der-heideducht","post_format-post-format-gallery"],"jetpack_publicize_connections":[],"jetpack_featured_media_url":"","jetpack_sharing_enabled":true,"jetpack_shortlink":"https:\/\/wp.me\/p71my5-pr","jetpack_likes_enabled":true,"_links":{"self":[{"href":"https:\/\/vonderheideducht.de\/index.php?rest_route=\/wp\/v2\/posts\/1577","targetHints":{"allow":["GET"]}}],"collection":[{"href":"https:\/\/vonderheideducht.de\/index.php?rest_route=\/wp\/v2\/posts"}],"about":[{"href":"https:\/\/vonderheideducht.de\/index.php?rest_route=\/wp\/v2\/types\/post"}],"author":[{"embeddable":true,"href":"https:\/\/vonderheideducht.de\/index.php?rest_route=\/wp\/v2\/users\/1"}],"replies":[{"embeddable":true,"href":"https:\/\/vonderheideducht.de\/index.php?rest_route=%2Fwp%2Fv2%2Fcomments&post=1577"}],"version-history":[{"count":4,"href":"https:\/\/vonderheideducht.de\/index.php?rest_route=\/wp\/v2\/posts\/1577\/revisions"}],"predecessor-version":[{"id":1613,"href":"https:\/\/vonderheideducht.de\/index.php?rest_route=\/wp\/v2\/posts\/1577\/revisions\/1613"}],"wp:attachment":[{"href":"https:\/\/vonderheideducht.de\/index.php?rest_route=%2Fwp%2Fv2%2Fmedia&parent=1577"}],"wp:term":[{"taxonomy":"category","embeddable":true,"href":"https:\/\/vonderheideducht.de\/index.php?rest_route=%2Fwp%2Fv2%2Fcategories&post=1577"},{"taxonomy":"post_tag","embeddable":true,"href":"https:\/\/vonderheideducht.de\/index.php?rest_route=%2Fwp%2Fv2%2Ftags&post=1577"}],"curies":[{"name":"wp","href":"https:\/\/api.w.org\/{rel}","templated":true}]}}