{"id":1584,"date":"2016-01-02T13:54:23","date_gmt":"2016-01-02T12:54:23","guid":{"rendered":"http:\/\/www.heideducht.de\/blog\/?p=1584"},"modified":"2019-05-21T13:50:35","modified_gmt":"2019-05-21T11:50:35","slug":"besuch-von-cheiron","status":"publish","type":"post","link":"https:\/\/vonderheideducht.de\/?p=1584","title":{"rendered":"Cheiron sucht ein sch\u00f6nes Zuhause!"},"content":{"rendered":"<p>Zum Jahresanfang haben wir einen ganz s\u00fcssen, lieben Mitbewohner bekommen!<\/p>\n<p>Cheiron, der Deckr\u00fcde von Nenas 1. und auch 2. Wurf, ist bei uns eingezogen und&nbsp; nun der Hahn im Korb zwischen Nena und Hexe! Cheiron steht auch allen Hunde-Damen als Deckr\u00fcde in der Heideducht zur Verf\u00fcgung .<\/p>\n<p>Cheiron f\u00fchlt sich schon ganz&nbsp; wohl zwischen den beiden M\u00e4dels und mag die Deichspazierg\u00e4nge &#8211; wo er schon t\u00fcchtig mit seiner Tochter Hexe tobt.<\/p>\n<p><strong>Cheiron sucht ein neues Zuhause &#8211; und zwar sucht er ein liebevolles Frauchen (es darf nat\u00fcrlich auch ein Herrchen mit dabei sein). Cheiron ist sehr Frauenbezogen, ein ganz lieber Kerl, der f\u00fcr jede Streicheleinheit und Zuwendung dankbar ist. Er ist gut leinenf\u00fchrig und im Hause ruhig um sich zu haben.&nbsp; F\u00fcr seinen Gem\u00fctszustand w\u00e4re ein zweiter oder dritter Hund f\u00f6rderlich. aber ohne Zoff!! Mit unseren H\u00fcndinnen kommt er gut klar, auch auf den Spazierg\u00e4ngen ist er anderen R\u00fcden gegen\u00fcber gelassen! So k\u00f6nnen wir entspannt Spazieren laufen.&nbsp; <\/strong><\/p>\n<p><strong>Kontaktaufnahme gerne \u00fcber Telefon 04858\/971<\/strong><\/p>\n<p>Hier ein paar Fotos aus unserem Garten!<\/p>\n<div class='polaroid-gallery galleryid-1584' style='width:340px;'>\n\t\t\t<a href=\"https:\/\/i0.wp.com\/vonderheideducht.de\/wp-content\/uploads\/2016\/01\/allevormhaus.jpg?fit=333%2C500&ssl=1\" title=\"Cheiron zu Besuch\" rel=\"polaroid_1626390822\" class=\"polaroid-gallery-item showcaption\"><span class=\"polaroid-gallery-image\" title=\"\" style=\"background-image: url(https:\/\/i0.wp.com\/vonderheideducht.de\/wp-content\/uploads\/2016\/01\/allevormhaus.jpg?resize=150%2C150&ssl=1); width: 150px; height: 150px;\"><\/span><\/a>\n\t\t\t<a href=\"https:\/\/i0.wp.com\/vonderheideducht.de\/wp-content\/uploads\/2016\/01\/imgarten.jpg?fit=474%2C313&ssl=1\" title=\"Cheiron zu Besuch\" rel=\"polaroid_1626390822\" class=\"polaroid-gallery-item showcaption\"><span class=\"polaroid-gallery-image\" title=\"\" style=\"background-image: url(https:\/\/i0.wp.com\/vonderheideducht.de\/wp-content\/uploads\/2016\/01\/imgarten.jpg?resize=150%2C150&ssl=1); width: 150px; height: 150px;\"><\/span><\/a>\n\t\t\t<br style=\"clear: both;\" \/>\n\t\t\t<a href=\"https:\/\/i0.wp.com\/vonderheideducht.de\/wp-content\/uploads\/2016\/01\/imgarten2.jpg?fit=474%2C313&ssl=1\" title=\"Cheiron zu Besuch\" rel=\"polaroid_1626390822\" class=\"polaroid-gallery-item showcaption\"><span class=\"polaroid-gallery-image\" title=\"\" style=\"background-image: url(https:\/\/i0.wp.com\/vonderheideducht.de\/wp-content\/uploads\/2016\/01\/imgarten2.jpg?resize=150%2C150&ssl=1); width: 150px; height: 150px;\"><\/span><\/a>\n\t\t\t<a href=\"https:\/\/i0.wp.com\/vonderheideducht.de\/wp-content\/uploads\/2016\/01\/imgarten3.jpg?fit=474%2C313&ssl=1\" title=\"Cheiron zu Besuch\" rel=\"polaroid_1626390822\" class=\"polaroid-gallery-item showcaption\"><span class=\"polaroid-gallery-image\" title=\"\" style=\"background-image: url(https:\/\/i0.wp.com\/vonderheideducht.de\/wp-content\/uploads\/2016\/01\/imgarten3.jpg?resize=150%2C150&ssl=1); width: 150px; height: 150px;\"><\/span><\/a>\n\t\t\t<br style=\"clear: both;\" \/><\/div>\n\n","protected":false},"excerpt":{"rendered":"<p>Zum Jahresanfang haben wir einen ganz s\u00fcssen, lieben Mitbewohner bekommen! Cheiron, der Deckr\u00fcde von Nenas 1. und auch 2. Wurf, ist bei uns eingezogen und&nbsp; nun der Hahn im Korb zwischen Nena und Hexe! Cheiron steht auch allen Hunde-Damen als Deckr\u00fcde in der Heideducht zur Verf\u00fcgung . Cheiron f\u00fchlt sich schon ganz&nbsp; wohl zwischen den &hellip; <a href=\"https:\/\/vonderheideducht.de\/?p=1584\" class=\"more-link\"><span class=\"screen-reader-text\">Cheiron sucht ein sch\u00f6nes Zuhause!<\/span> weiterlesen <span class=\"meta-nav\">&rarr;<\/span><\/a><\/p>\n","protected":false},"author":1,"featured_media":0,"comment_status":"closed","ping_status":"closed","sticky":false,"template":"","format":"standard","meta":{"ngg_post_thumbnail":0,"jetpack_post_was_ever_published":false,"_jetpack_newsletter_access":"","_jetpack_dont_email_post_to_subs":false,"_jetpack_newsletter_tier_id":0,"footnotes":"","jetpack_publicize_message":"","jetpack_publicize_feature_enabled":true,"jetpack_social_post_already_shared":true,"jetpack_social_options":{"image_generator_settings":{"template":"highway","enabled":false}}},"categories":[10],"tags":[],"class_list":["post-1584","post","type-post","status-publish","format-standard","hentry","category-aus-der-heideducht"],"jetpack_publicize_connections":[],"jetpack_featured_media_url":"","jetpack_sharing_enabled":false,"jetpack_shortlink":"https:\/\/wp.me\/p71my5-py","jetpack_likes_enabled":false,"_links":{"self":[{"href":"https:\/\/vonderheideducht.de\/index.php?rest_route=\/wp\/v2\/posts\/1584","targetHints":{"allow":["GET"]}}],"collection":[{"href":"https:\/\/vonderheideducht.de\/index.php?rest_route=\/wp\/v2\/posts"}],"about":[{"href":"https:\/\/vonderheideducht.de\/index.php?rest_route=\/wp\/v2\/types\/post"}],"author":[{"embeddable":true,"href":"https:\/\/vonderheideducht.de\/index.php?rest_route=\/wp\/v2\/users\/1"}],"replies":[{"embeddable":true,"href":"https:\/\/vonderheideducht.de\/index.php?rest_route=%2Fwp%2Fv2%2Fcomments&post=1584"}],"version-history":[{"count":5,"href":"https:\/\/vonderheideducht.de\/index.php?rest_route=\/wp\/v2\/posts\/1584\/revisions"}],"predecessor-version":[{"id":3991,"href":"https:\/\/vonderheideducht.de\/index.php?rest_route=\/wp\/v2\/posts\/1584\/revisions\/3991"}],"wp:attachment":[{"href":"https:\/\/vonderheideducht.de\/index.php?rest_route=%2Fwp%2Fv2%2Fmedia&parent=1584"}],"wp:term":[{"taxonomy":"category","embeddable":true,"href":"https:\/\/vonderheideducht.de\/index.php?rest_route=%2Fwp%2Fv2%2Fcategories&post=1584"},{"taxonomy":"post_tag","embeddable":true,"href":"https:\/\/vonderheideducht.de\/index.php?rest_route=%2Fwp%2Fv2%2Ftags&post=1584"}],"curies":[{"name":"wp","href":"https:\/\/api.w.org\/{rel}","templated":true}]}}