{"id":1649,"date":"2016-01-18T08:40:23","date_gmt":"2016-01-18T07:40:23","guid":{"rendered":"http:\/\/www.heideducht.de\/blog\/?p=1649"},"modified":"2016-01-18T08:44:30","modified_gmt":"2016-01-18T07:44:30","slug":"i-wurf-geplant","status":"publish","type":"post","link":"https:\/\/vonderheideducht.de\/?p=1649","title":{"rendered":"I-Wurf geplant!"},"content":{"rendered":"<p>F\u00fcr dieses Jahr ist ein neuer Wurf geplant, n\u00e4mlich der I-Wurf, mit unserem lieben M\u00e4dchen Nena!<\/p>\n<figure id=\"attachment_1643\" aria-describedby=\"caption-attachment-1643\" style=\"width: 159px\" class=\"wp-caption alignnone\"><img loading=\"lazy\" decoding=\"async\" class=\" wp-image-1643\" src=\"https:\/\/i0.wp.com\/vonderheideducht.de\/blog\/wp-content\/uploads\/2016\/01\/170116_003.jpg?resize=159%2C239&#038;ssl=1\" alt=\"wundersch\u00f6ne Nena\" width=\"159\" height=\"239\" srcset=\"https:\/\/i0.wp.com\/vonderheideducht.de\/wp-content\/uploads\/2016\/01\/170116_003.jpg?w=333&amp;ssl=1 333w, https:\/\/i0.wp.com\/vonderheideducht.de\/wp-content\/uploads\/2016\/01\/170116_003.jpg?resize=200%2C300&amp;ssl=1 200w\" sizes=\"auto, (max-width: 159px) 100vw, 159px\" data-recalc-dims=\"1\" \/><figcaption id=\"caption-attachment-1643\" class=\"wp-caption-text\">wundersch\u00f6ne Nena<\/figcaption><\/figure>\n<p>Sobald Nena das n\u00e4chste Mal l\u00e4ufig ist, soll es losgehen.<\/p>\n<p>Wir rechnen mit der n\u00e4chsten L\u00e4ufigkeit so im\u00a0 Zeitraum Herbst bis Winter 2016 und freuen uns schon sehr darauf!<\/p>\n","protected":false},"excerpt":{"rendered":"<p>F\u00fcr dieses Jahr ist ein neuer Wurf geplant, n\u00e4mlich der I-Wurf, mit unserem lieben M\u00e4dchen Nena! Sobald Nena das n\u00e4chste Mal l\u00e4ufig ist, soll es losgehen. Wir rechnen mit der n\u00e4chsten L\u00e4ufigkeit so im\u00a0 Zeitraum Herbst bis Winter 2016 und freuen uns schon sehr darauf!<\/p>\n","protected":false},"author":1,"featured_media":0,"comment_status":"open","ping_status":"closed","sticky":false,"template":"","format":"standard","meta":{"ngg_post_thumbnail":0,"jetpack_post_was_ever_published":false,"_jetpack_newsletter_access":"","_jetpack_dont_email_post_to_subs":false,"_jetpack_newsletter_tier_id":0,"footnotes":"","jetpack_publicize_message":"","jetpack_publicize_feature_enabled":true,"jetpack_social_post_already_shared":true,"jetpack_social_options":{"image_generator_settings":{"template":"highway","enabled":false}}},"categories":[15],"tags":[],"class_list":["post-1649","post","type-post","status-publish","format-standard","hentry","category-welpentagebuch-i-wurf"],"jetpack_publicize_connections":[],"jetpack_featured_media_url":"","jetpack_sharing_enabled":true,"jetpack_shortlink":"https:\/\/wp.me\/p71my5-qB","jetpack_likes_enabled":true,"_links":{"self":[{"href":"https:\/\/vonderheideducht.de\/index.php?rest_route=\/wp\/v2\/posts\/1649","targetHints":{"allow":["GET"]}}],"collection":[{"href":"https:\/\/vonderheideducht.de\/index.php?rest_route=\/wp\/v2\/posts"}],"about":[{"href":"https:\/\/vonderheideducht.de\/index.php?rest_route=\/wp\/v2\/types\/post"}],"author":[{"embeddable":true,"href":"https:\/\/vonderheideducht.de\/index.php?rest_route=\/wp\/v2\/users\/1"}],"replies":[{"embeddable":true,"href":"https:\/\/vonderheideducht.de\/index.php?rest_route=%2Fwp%2Fv2%2Fcomments&post=1649"}],"version-history":[{"count":2,"href":"https:\/\/vonderheideducht.de\/index.php?rest_route=\/wp\/v2\/posts\/1649\/revisions"}],"predecessor-version":[{"id":1659,"href":"https:\/\/vonderheideducht.de\/index.php?rest_route=\/wp\/v2\/posts\/1649\/revisions\/1659"}],"wp:attachment":[{"href":"https:\/\/vonderheideducht.de\/index.php?rest_route=%2Fwp%2Fv2%2Fmedia&parent=1649"}],"wp:term":[{"taxonomy":"category","embeddable":true,"href":"https:\/\/vonderheideducht.de\/index.php?rest_route=%2Fwp%2Fv2%2Fcategories&post=1649"},{"taxonomy":"post_tag","embeddable":true,"href":"https:\/\/vonderheideducht.de\/index.php?rest_route=%2Fwp%2Fv2%2Ftags&post=1649"}],"curies":[{"name":"wp","href":"https:\/\/api.w.org\/{rel}","templated":true}]}}