{"id":2071,"date":"2017-01-27T22:25:03","date_gmt":"2017-01-27T21:25:03","guid":{"rendered":"http:\/\/www.heideducht.de\/blog\/?p=2071"},"modified":"2017-01-28T06:46:41","modified_gmt":"2017-01-28T05:46:41","slug":"mit-offenen-augen","status":"publish","type":"post","link":"https:\/\/vonderheideducht.de\/?p=2071","title":{"rendered":"Mit offenen Augen.."},"content":{"rendered":"<p>Mit offenen Augen geht es heute f\u00fcr Ida und Irma weiter!<\/p>\n<p>Beide Zuckerm\u00e4use haben heute ihre Augen ge\u00f6ffnet und k\u00f6nnen nun den Zauber der Welt ganz anders wahrnehmen!<\/p>\n<p>Die Fotos dazu waren etwas schwieriger; Irma hat immer, wenn die Kamera kam, ihre \u00c4uglein t\u00fcchtig zusammengekniffen.<\/p>\n<p><img loading=\"lazy\" decoding=\"async\" class=\"alignnone size-full wp-image-2075\" src=\"https:\/\/i0.wp.com\/vonderheideducht.de\/blog\/wp-content\/uploads\/2017\/01\/i-0025.jpg?resize=474%2C313&#038;ssl=1\" alt=\"Irma\" width=\"474\" height=\"313\" srcset=\"https:\/\/i0.wp.com\/vonderheideducht.de\/wp-content\/uploads\/2017\/01\/i-0025.jpg?w=600&amp;ssl=1 600w, https:\/\/i0.wp.com\/vonderheideducht.de\/wp-content\/uploads\/2017\/01\/i-0025.jpg?resize=300%2C198&amp;ssl=1 300w\" sizes=\"auto, (max-width: 474px) 100vw, 474px\" data-recalc-dims=\"1\" \/><\/p>\n<p>Und Irma hatte auch nochmal Besuch von ihrer zuk\u00fcnftigen Familie und wurde t\u00fcchtig bewundert!<\/p>\n<p>Ida habe ich einmal mit offenen Augen erwischt!<\/p>\n<p><img loading=\"lazy\" decoding=\"async\" class=\"alignnone size-full wp-image-2073\" src=\"https:\/\/i0.wp.com\/vonderheideducht.de\/blog\/wp-content\/uploads\/2017\/01\/i-0023.jpg?resize=474%2C313&#038;ssl=1\" alt=\"Ida\" width=\"474\" height=\"313\" srcset=\"https:\/\/i0.wp.com\/vonderheideducht.de\/wp-content\/uploads\/2017\/01\/i-0023.jpg?w=600&amp;ssl=1 600w, https:\/\/i0.wp.com\/vonderheideducht.de\/wp-content\/uploads\/2017\/01\/i-0023.jpg?resize=300%2C198&amp;ssl=1 300w\" sizes=\"auto, (max-width: 474px) 100vw, 474px\" data-recalc-dims=\"1\" \/><\/p>\n<p><img loading=\"lazy\" decoding=\"async\" class=\"alignnone size-full wp-image-2074\" src=\"https:\/\/i0.wp.com\/vonderheideducht.de\/blog\/wp-content\/uploads\/2017\/01\/i-0024.jpg?resize=474%2C313&#038;ssl=1\" alt=\"Ida\" width=\"474\" height=\"313\" srcset=\"https:\/\/i0.wp.com\/vonderheideducht.de\/wp-content\/uploads\/2017\/01\/i-0024.jpg?w=600&amp;ssl=1 600w, https:\/\/i0.wp.com\/vonderheideducht.de\/wp-content\/uploads\/2017\/01\/i-0024.jpg?resize=300%2C198&amp;ssl=1 300w\" sizes=\"auto, (max-width: 474px) 100vw, 474px\" data-recalc-dims=\"1\" \/><\/p>\n<p>Beide haben auch schon gut zugenommen!<\/p>\n<p>Gewicht 26.01.17\u00a0 von Ida\u00a0 885 Gramm\u00a0 und von Irma 775 Gramm!<\/p>\n<p>Nachts kommt Mama Nena nun immer mit ins Schlafzimmer &#8211; und alle 1,5 Stunden wird dann zum F\u00fcttern der kleinen Zuckerm\u00e4use aufgestanden. Dann wird gute 20 Minuten lang geschnullert und dann geht es wieder eine M\u00fctze Schlaf tanken. So hat Nena immer mal ein wenig Ruhe f\u00fcr sich selbst und man merkt sofort, sie ist mit ein wenig mehr Schlaf deutlich zufriedener!<\/p>\n<p><img loading=\"lazy\" decoding=\"async\" class=\"alignnone size-full wp-image-2077\" src=\"https:\/\/i0.wp.com\/vonderheideducht.de\/blog\/wp-content\/uploads\/2017\/01\/i-0027.jpg?resize=474%2C313&#038;ssl=1\" alt=\"Irma und Ida\" width=\"474\" height=\"313\" srcset=\"https:\/\/i0.wp.com\/vonderheideducht.de\/wp-content\/uploads\/2017\/01\/i-0027.jpg?w=600&amp;ssl=1 600w, https:\/\/i0.wp.com\/vonderheideducht.de\/wp-content\/uploads\/2017\/01\/i-0027.jpg?resize=300%2C198&amp;ssl=1 300w\" sizes=\"auto, (max-width: 474px) 100vw, 474px\" data-recalc-dims=\"1\" \/><\/p>\n<p><img loading=\"lazy\" decoding=\"async\" class=\"alignnone size-full wp-image-2076\" src=\"https:\/\/i0.wp.com\/vonderheideducht.de\/blog\/wp-content\/uploads\/2017\/01\/i-0026.jpg?resize=474%2C313&#038;ssl=1\" alt=\"Irma und Ida\" width=\"474\" height=\"313\" srcset=\"https:\/\/i0.wp.com\/vonderheideducht.de\/wp-content\/uploads\/2017\/01\/i-0026.jpg?w=600&amp;ssl=1 600w, https:\/\/i0.wp.com\/vonderheideducht.de\/wp-content\/uploads\/2017\/01\/i-0026.jpg?resize=300%2C198&amp;ssl=1 300w\" sizes=\"auto, (max-width: 474px) 100vw, 474px\" data-recalc-dims=\"1\" \/><\/p>\n","protected":false},"excerpt":{"rendered":"<p>Mit offenen Augen geht es heute f\u00fcr Ida und Irma weiter! Beide Zuckerm\u00e4use haben heute ihre Augen ge\u00f6ffnet und k\u00f6nnen nun den Zauber der Welt ganz anders wahrnehmen! Die Fotos dazu waren etwas schwieriger; Irma hat immer, wenn die Kamera kam, ihre \u00c4uglein t\u00fcchtig zusammengekniffen. Und Irma hatte auch nochmal Besuch von ihrer zuk\u00fcnftigen Familie &hellip; <a href=\"https:\/\/vonderheideducht.de\/?p=2071\" class=\"more-link\"><span class=\"screen-reader-text\">Mit offenen Augen..<\/span> weiterlesen <span class=\"meta-nav\">&rarr;<\/span><\/a><\/p>\n","protected":false},"author":1,"featured_media":0,"comment_status":"open","ping_status":"closed","sticky":false,"template":"","format":"standard","meta":{"ngg_post_thumbnail":0,"jetpack_post_was_ever_published":false,"_jetpack_newsletter_access":"","_jetpack_dont_email_post_to_subs":true,"_jetpack_newsletter_tier_id":0,"footnotes":"","jetpack_publicize_message":"","jetpack_publicize_feature_enabled":true,"jetpack_social_post_already_shared":true,"jetpack_social_options":{"image_generator_settings":{"template":"highway","enabled":false}}},"categories":[10,15],"tags":[],"class_list":["post-2071","post","type-post","status-publish","format-standard","hentry","category-aus-der-heideducht","category-welpentagebuch-i-wurf"],"jetpack_publicize_connections":[],"jetpack_featured_media_url":"","jetpack_sharing_enabled":true,"jetpack_shortlink":"https:\/\/wp.me\/p71my5-xp","jetpack_likes_enabled":true,"_links":{"self":[{"href":"https:\/\/vonderheideducht.de\/index.php?rest_route=\/wp\/v2\/posts\/2071","targetHints":{"allow":["GET"]}}],"collection":[{"href":"https:\/\/vonderheideducht.de\/index.php?rest_route=\/wp\/v2\/posts"}],"about":[{"href":"https:\/\/vonderheideducht.de\/index.php?rest_route=\/wp\/v2\/types\/post"}],"author":[{"embeddable":true,"href":"https:\/\/vonderheideducht.de\/index.php?rest_route=\/wp\/v2\/users\/1"}],"replies":[{"embeddable":true,"href":"https:\/\/vonderheideducht.de\/index.php?rest_route=%2Fwp%2Fv2%2Fcomments&post=2071"}],"version-history":[{"count":3,"href":"https:\/\/vonderheideducht.de\/index.php?rest_route=\/wp\/v2\/posts\/2071\/revisions"}],"predecessor-version":[{"id":2081,"href":"https:\/\/vonderheideducht.de\/index.php?rest_route=\/wp\/v2\/posts\/2071\/revisions\/2081"}],"wp:attachment":[{"href":"https:\/\/vonderheideducht.de\/index.php?rest_route=%2Fwp%2Fv2%2Fmedia&parent=2071"}],"wp:term":[{"taxonomy":"category","embeddable":true,"href":"https:\/\/vonderheideducht.de\/index.php?rest_route=%2Fwp%2Fv2%2Fcategories&post=2071"},{"taxonomy":"post_tag","embeddable":true,"href":"https:\/\/vonderheideducht.de\/index.php?rest_route=%2Fwp%2Fv2%2Ftags&post=2071"}],"curies":[{"name":"wp","href":"https:\/\/api.w.org\/{rel}","templated":true}]}}