{"id":2098,"date":"2017-02-05T20:13:46","date_gmt":"2017-02-05T19:13:46","guid":{"rendered":"http:\/\/www.heideducht.de\/blog\/?p=2098"},"modified":"2017-02-05T20:14:38","modified_gmt":"2017-02-05T19:14:38","slug":"in-der-wurfkiste-videos","status":"publish","type":"post","link":"https:\/\/vonderheideducht.de\/?p=2098","title":{"rendered":"in der Wurfkiste &#8211; Videos!"},"content":{"rendered":"<p>Heute gibt es f\u00fcr Euch mal wieder ein paar Videos, von den kleinen Zuckerm\u00e4usen Ida und Irma .<\/p>\n<p>Wir haben gestern die gro\u00dfe Wurfkiste in der K\u00fcche aufgestellt und nach ein paar Proben haben die Beiden den H\u00f6henunterschied von Zeitung und Lager ganz schnell \u00fcberwunden und die Beinchen schaffen es nun!<\/p>\n<p>Bei Mama in der Wurfkiste ist es einfach am Sch\u00f6nsten!<\/p>\n<div class=\"wp-playlist wp-video-playlist wp-playlist-light\">\n\t\t<video controls=\"controls\" preload=\"none\" width=\"452\"\n\t\t height=\"254\"\t><\/video>\n\t<div class=\"wp-playlist-next\"><\/div>\n\t<div class=\"wp-playlist-prev\"><\/div>\n\t<noscript>\n\t<ol>\n\t\t<li><a href='https:\/\/vonderheideducht.de\/wp-content\/uploads\/2017\/02\/48_1.mp4'>In der Wurfkiste Teil 1<\/a><\/li><li><a href='https:\/\/vonderheideducht.de\/wp-content\/uploads\/2017\/02\/48_2.mp4'>In der Wurfkiste Teil 2<\/a><\/li><li><a href='https:\/\/vonderheideducht.de\/wp-content\/uploads\/2017\/02\/00049.mp4'>In der Wurfkiste Teil 3<\/a><\/li><li><a href='https:\/\/vonderheideducht.de\/wp-content\/uploads\/2017\/02\/00051.mp4'>In der Wurfkiste Teil 4<\/a><\/li><li><a href='https:\/\/vonderheideducht.de\/wp-content\/uploads\/2017\/02\/00052.mp4'>In der Wurfkiste Teil 5<\/a><\/li>\t<\/ol>\n\t<\/noscript>\n\t<script type=\"application\/json\" class=\"wp-playlist-script\">{\"type\":\"video\",\"tracklist\":true,\"tracknumbers\":true,\"images\":true,\"artists\":true,\"tracks\":[{\"src\":\"https:\/\/vonderheideducht.de\/wp-content\/uploads\/2017\/02\/48_1.mp4\",\"type\":\"video\/mp4\",\"title\":\"In der Wurfkiste Teil 1\",\"caption\":\"In der Wurfkiste Teil 1\",\"description\":\"\",\"meta\":{\"length_formatted\":\"1:15\"},\"dimensions\":{\"original\":{\"width\":1280,\"height\":720},\"resized\":{\"width\":452,\"height\":254}},\"image\":{\"src\":\"https:\/\/vonderheideducht.de\/wp-includes\/images\/media\/video.svg\",\"width\":48,\"height\":64},\"thumb\":{\"src\":\"https:\/\/vonderheideducht.de\/wp-includes\/images\/media\/video.svg\",\"width\":48,\"height\":64}},{\"src\":\"https:\/\/vonderheideducht.de\/wp-content\/uploads\/2017\/02\/48_2.mp4\",\"type\":\"video\/mp4\",\"title\":\"In der Wurfkiste Teil 2\",\"caption\":\"\",\"description\":\"\",\"meta\":{\"length_formatted\":\"1:31\"},\"dimensions\":{\"original\":{\"width\":1280,\"height\":720},\"resized\":{\"width\":452,\"height\":254}},\"image\":{\"src\":\"https:\/\/vonderheideducht.de\/wp-includes\/images\/media\/video.svg\",\"width\":48,\"height\":64},\"thumb\":{\"src\":\"https:\/\/vonderheideducht.de\/wp-includes\/images\/media\/video.svg\",\"width\":48,\"height\":64}},{\"src\":\"https:\/\/vonderheideducht.de\/wp-content\/uploads\/2017\/02\/00049.mp4\",\"type\":\"video\/mp4\",\"title\":\"In der Wurfkiste Teil 3\",\"caption\":\"In der Wurfkiste Teil 3\",\"description\":\"\",\"meta\":{\"length_formatted\":\"0:48\"},\"dimensions\":{\"original\":{\"width\":1920,\"height\":1080},\"resized\":{\"width\":452,\"height\":254}},\"image\":{\"src\":\"https:\/\/vonderheideducht.de\/wp-includes\/images\/media\/video.svg\",\"width\":48,\"height\":64},\"thumb\":{\"src\":\"https:\/\/vonderheideducht.de\/wp-includes\/images\/media\/video.svg\",\"width\":48,\"height\":64}},{\"src\":\"https:\/\/vonderheideducht.de\/wp-content\/uploads\/2017\/02\/00051.mp4\",\"type\":\"video\/mp4\",\"title\":\"In der Wurfkiste Teil 4\",\"caption\":\"In der Wurfkiste Teil 4\",\"description\":\"\",\"meta\":{\"length_formatted\":\"0:48\"},\"dimensions\":{\"original\":{\"width\":1920,\"height\":1080},\"resized\":{\"width\":452,\"height\":254}},\"image\":{\"src\":\"https:\/\/vonderheideducht.de\/wp-includes\/images\/media\/video.svg\",\"width\":48,\"height\":64},\"thumb\":{\"src\":\"https:\/\/vonderheideducht.de\/wp-includes\/images\/media\/video.svg\",\"width\":48,\"height\":64}},{\"src\":\"https:\/\/vonderheideducht.de\/wp-content\/uploads\/2017\/02\/00052.mp4\",\"type\":\"video\/mp4\",\"title\":\"In der Wurfkiste Teil 5\",\"caption\":\"In der Wurfkiste Teil 5\",\"description\":\"\",\"meta\":{\"length_formatted\":\"0:25\"},\"dimensions\":{\"original\":{\"width\":1920,\"height\":1080},\"resized\":{\"width\":452,\"height\":254}},\"image\":{\"src\":\"https:\/\/vonderheideducht.de\/wp-includes\/images\/media\/video.svg\",\"width\":48,\"height\":64},\"thumb\":{\"src\":\"https:\/\/vonderheideducht.de\/wp-includes\/images\/media\/video.svg\",\"width\":48,\"height\":64}}]}<\/script>\n<\/div>\n\t\n","protected":false},"excerpt":{"rendered":"<p>Heute gibt es f\u00fcr Euch mal wieder ein paar Videos, von den kleinen Zuckerm\u00e4usen Ida und Irma . Wir haben gestern die gro\u00dfe Wurfkiste in der K\u00fcche aufgestellt und nach ein paar Proben haben die Beiden den H\u00f6henunterschied von Zeitung und Lager ganz schnell \u00fcberwunden und die Beinchen schaffen es nun! Bei Mama in der &hellip; <a href=\"https:\/\/vonderheideducht.de\/?p=2098\" class=\"more-link\"><span class=\"screen-reader-text\">in der Wurfkiste &#8211; Videos!<\/span> weiterlesen <span class=\"meta-nav\">&rarr;<\/span><\/a><\/p>\n","protected":false},"author":1,"featured_media":0,"comment_status":"open","ping_status":"closed","sticky":false,"template":"","format":"standard","meta":{"ngg_post_thumbnail":0,"jetpack_post_was_ever_published":false,"_jetpack_newsletter_access":"","_jetpack_dont_email_post_to_subs":true,"_jetpack_newsletter_tier_id":0,"footnotes":"","jetpack_publicize_message":"","jetpack_publicize_feature_enabled":true,"jetpack_social_post_already_shared":true,"jetpack_social_options":{"image_generator_settings":{"template":"highway","enabled":false}}},"categories":[10,15],"tags":[],"class_list":["post-2098","post","type-post","status-publish","format-standard","hentry","category-aus-der-heideducht","category-welpentagebuch-i-wurf"],"jetpack_publicize_connections":[],"jetpack_featured_media_url":"","jetpack_sharing_enabled":true,"jetpack_shortlink":"https:\/\/wp.me\/p71my5-xQ","jetpack_likes_enabled":true,"_links":{"self":[{"href":"https:\/\/vonderheideducht.de\/index.php?rest_route=\/wp\/v2\/posts\/2098","targetHints":{"allow":["GET"]}}],"collection":[{"href":"https:\/\/vonderheideducht.de\/index.php?rest_route=\/wp\/v2\/posts"}],"about":[{"href":"https:\/\/vonderheideducht.de\/index.php?rest_route=\/wp\/v2\/types\/post"}],"author":[{"embeddable":true,"href":"https:\/\/vonderheideducht.de\/index.php?rest_route=\/wp\/v2\/users\/1"}],"replies":[{"embeddable":true,"href":"https:\/\/vonderheideducht.de\/index.php?rest_route=%2Fwp%2Fv2%2Fcomments&post=2098"}],"version-history":[{"count":4,"href":"https:\/\/vonderheideducht.de\/index.php?rest_route=\/wp\/v2\/posts\/2098\/revisions"}],"predecessor-version":[{"id":2106,"href":"https:\/\/vonderheideducht.de\/index.php?rest_route=\/wp\/v2\/posts\/2098\/revisions\/2106"}],"wp:attachment":[{"href":"https:\/\/vonderheideducht.de\/index.php?rest_route=%2Fwp%2Fv2%2Fmedia&parent=2098"}],"wp:term":[{"taxonomy":"category","embeddable":true,"href":"https:\/\/vonderheideducht.de\/index.php?rest_route=%2Fwp%2Fv2%2Fcategories&post=2098"},{"taxonomy":"post_tag","embeddable":true,"href":"https:\/\/vonderheideducht.de\/index.php?rest_route=%2Fwp%2Fv2%2Ftags&post=2098"}],"curies":[{"name":"wp","href":"https:\/\/api.w.org\/{rel}","templated":true}]}}