{"id":2146,"date":"2017-02-20T23:46:38","date_gmt":"2017-02-20T22:46:38","guid":{"rendered":"http:\/\/www.heideducht.de\/blog\/?p=2146"},"modified":"2017-02-21T08:47:58","modified_gmt":"2017-02-21T07:47:58","slug":"welpenplanung-herbst-2017","status":"publish","type":"post","link":"https:\/\/vonderheideducht.de\/?p=2146","title":{"rendered":"Welpenplanung Herbst 2017"},"content":{"rendered":"<p>Auch f\u00fcr unsere Hexe ist in diesem Jahr noch ein Wurf (der Erste von Hexe!) geplant!<\/p>\n<p><img loading=\"lazy\" decoding=\"async\" src=\"https:\/\/i0.wp.com\/vonderheideducht.de\/blog\/wp-content\/uploads\/2016\/12\/hexetrimmen4.jpg?resize=333%2C500&#038;ssl=1\" alt=\"\" width=\"333\" height=\"500\" class=\"alignnone size-full wp-image-1852\" srcset=\"https:\/\/i0.wp.com\/vonderheideducht.de\/wp-content\/uploads\/2016\/12\/hexetrimmen4.jpg?w=333&amp;ssl=1 333w, https:\/\/i0.wp.com\/vonderheideducht.de\/wp-content\/uploads\/2016\/12\/hexetrimmen4.jpg?resize=200%2C300&amp;ssl=1 200w\" sizes=\"auto, (max-width: 333px) 100vw, 333px\" data-recalc-dims=\"1\" \/><\/p>\n<p>Eigentlich war ja gedacht, dass es Anfang diesen Jahres damit losgehen soll, aber Hexes L\u00e4ufigkeit hat sich verz\u00f6gert und nun haben wir ja auch gerade den I-Wurf mit Nena!<\/p>\n<p>Hexe ist nun gerade l\u00e4ufig; bei der n\u00e4chsten L\u00e4ufigkeit im Sp\u00e4tsommer\/Fr\u00fchHerbst 2017 werden wir dann Hexe decken lassen und hoffen dann wieder auf viele kleine s\u00fcsse Welpen in der Heideducht!<\/p>\n<p>Wir werden berichten!<\/p>\n","protected":false},"excerpt":{"rendered":"<p>Auch f\u00fcr unsere Hexe ist in diesem Jahr noch ein Wurf (der Erste von Hexe!) geplant! Eigentlich war ja gedacht, dass es Anfang diesen Jahres damit losgehen soll, aber Hexes L\u00e4ufigkeit hat sich verz\u00f6gert und nun haben wir ja auch gerade den I-Wurf mit Nena! Hexe ist nun gerade l\u00e4ufig; bei der n\u00e4chsten L\u00e4ufigkeit im &hellip; <a href=\"https:\/\/vonderheideducht.de\/?p=2146\" class=\"more-link\"><span class=\"screen-reader-text\">Welpenplanung Herbst 2017<\/span> weiterlesen <span class=\"meta-nav\">&rarr;<\/span><\/a><\/p>\n","protected":false},"author":1,"featured_media":0,"comment_status":"open","ping_status":"closed","sticky":false,"template":"","format":"standard","meta":{"ngg_post_thumbnail":0,"jetpack_post_was_ever_published":false,"_jetpack_newsletter_access":"","_jetpack_dont_email_post_to_subs":false,"_jetpack_newsletter_tier_id":0,"footnotes":"","jetpack_publicize_message":"","jetpack_publicize_feature_enabled":true,"jetpack_social_post_already_shared":true,"jetpack_social_options":{"image_generator_settings":{"template":"highway","enabled":false}}},"categories":[16],"tags":[],"class_list":["post-2146","post","type-post","status-publish","format-standard","hentry","category-welpentagebuch-j-wurf"],"jetpack_publicize_connections":[],"jetpack_featured_media_url":"","jetpack_sharing_enabled":true,"jetpack_shortlink":"https:\/\/wp.me\/p71my5-yC","jetpack_likes_enabled":true,"_links":{"self":[{"href":"https:\/\/vonderheideducht.de\/index.php?rest_route=\/wp\/v2\/posts\/2146","targetHints":{"allow":["GET"]}}],"collection":[{"href":"https:\/\/vonderheideducht.de\/index.php?rest_route=\/wp\/v2\/posts"}],"about":[{"href":"https:\/\/vonderheideducht.de\/index.php?rest_route=\/wp\/v2\/types\/post"}],"author":[{"embeddable":true,"href":"https:\/\/vonderheideducht.de\/index.php?rest_route=\/wp\/v2\/users\/1"}],"replies":[{"embeddable":true,"href":"https:\/\/vonderheideducht.de\/index.php?rest_route=%2Fwp%2Fv2%2Fcomments&post=2146"}],"version-history":[{"count":1,"href":"https:\/\/vonderheideducht.de\/index.php?rest_route=\/wp\/v2\/posts\/2146\/revisions"}],"predecessor-version":[{"id":2147,"href":"https:\/\/vonderheideducht.de\/index.php?rest_route=\/wp\/v2\/posts\/2146\/revisions\/2147"}],"wp:attachment":[{"href":"https:\/\/vonderheideducht.de\/index.php?rest_route=%2Fwp%2Fv2%2Fmedia&parent=2146"}],"wp:term":[{"taxonomy":"category","embeddable":true,"href":"https:\/\/vonderheideducht.de\/index.php?rest_route=%2Fwp%2Fv2%2Fcategories&post=2146"},{"taxonomy":"post_tag","embeddable":true,"href":"https:\/\/vonderheideducht.de\/index.php?rest_route=%2Fwp%2Fv2%2Ftags&post=2146"}],"curies":[{"name":"wp","href":"https:\/\/api.w.org\/{rel}","templated":true}]}}