{"id":2350,"date":"2017-09-14T10:51:49","date_gmt":"2017-09-14T08:51:49","guid":{"rendered":"http:\/\/www.heideducht.de\/blog\/?p=2350"},"modified":"2017-09-14T10:52:46","modified_gmt":"2017-09-14T08:52:46","slug":"welpenplanung-2018","status":"publish","type":"post","link":"https:\/\/vonderheideducht.de\/?p=2350","title":{"rendered":"Welpenplanung 2018"},"content":{"rendered":"<p>Diesen Herbst sollte ja unsere Hexe eigentlich ihren ersten Wurf kriegen!<\/p>\n<p>Nun wurde sie auch l\u00e4ufig und wir haben uns \u00fcberlegt, dass das erste Decken f\u00fcr Hexe ganz entspannt und ohne Zwang passieren sollte und ganz frei. <\/p>\n<p>Der Deckr\u00fcde wurde also einquartiert und war auch sehr angetan, war sowohl an Hexe als auch an Nena interessiert und hat dann auch bei Hexe fr\u00f6hlich seine Arbeit aufgenommen!<br \/>\nAber dann kurz vor knapp, immer im letzten Moment, hat er sie doch wieder losgelassen, sobald sie etwas quiekte.. einfach ein ZU lieber Junge!<br \/>\nJa, es hat also diesmal nicht geklappt und wir sind auch ein wenig traurig, aber Anfang n\u00e4chsten Jahres 2018 werden wir dann einen neuen Versuch starten!<\/p>\n<p>Hier kommen noch ein paar Fotos von unseren h\u00fcbschen M\u00e4dels!!<\/p>\n<div class='polaroid-gallery galleryid-2350' style='width:340px;'>\n\t\t\t<a href=\"https:\/\/i0.wp.com\/vonderheideducht.de\/wp-content\/uploads\/2017\/09\/09_17_001.jpg?fit=474%2C313&ssl=1\" title=\"09_17_001\" rel=\"polaroid_853379816\" class=\"polaroid-gallery-item showcaption\"><span class=\"polaroid-gallery-image\" title=\"Hexe\" style=\"background-image: url(https:\/\/i0.wp.com\/vonderheideducht.de\/wp-content\/uploads\/2017\/09\/09_17_001.jpg?resize=150%2C150&ssl=1); width: 150px; height: 150px;\"><\/span><\/a>\n\t\t\t<a href=\"https:\/\/i0.wp.com\/vonderheideducht.de\/wp-content\/uploads\/2017\/09\/09_17_002.jpg?fit=400%2C600&ssl=1\" title=\"09_17_002\" rel=\"polaroid_853379816\" class=\"polaroid-gallery-item showcaption\"><span class=\"polaroid-gallery-image\" title=\"Hexe\" style=\"background-image: url(https:\/\/i0.wp.com\/vonderheideducht.de\/wp-content\/uploads\/2017\/09\/09_17_002.jpg?resize=150%2C150&ssl=1); width: 150px; height: 150px;\"><\/span><\/a>\n\t\t\t<br style=\"clear: both;\" \/>\n\t\t\t<a href=\"https:\/\/i0.wp.com\/vonderheideducht.de\/wp-content\/uploads\/2017\/09\/09_17_003.jpg?fit=400%2C600&ssl=1\" title=\"09_17_003\" rel=\"polaroid_853379816\" class=\"polaroid-gallery-item showcaption\"><span class=\"polaroid-gallery-image\" title=\"Hexe\" style=\"background-image: url(https:\/\/i0.wp.com\/vonderheideducht.de\/wp-content\/uploads\/2017\/09\/09_17_003.jpg?resize=150%2C150&ssl=1); width: 150px; height: 150px;\"><\/span><\/a>\n\t\t\t<a href=\"https:\/\/i0.wp.com\/vonderheideducht.de\/wp-content\/uploads\/2017\/09\/09_17_004.jpg?fit=474%2C313&ssl=1\" title=\"09_17_004\" rel=\"polaroid_853379816\" class=\"polaroid-gallery-item showcaption\"><span class=\"polaroid-gallery-image\" title=\"Nena und Hexe\" style=\"background-image: url(https:\/\/i0.wp.com\/vonderheideducht.de\/wp-content\/uploads\/2017\/09\/09_17_004.jpg?resize=150%2C150&ssl=1); width: 150px; height: 150px;\"><\/span><\/a>\n\t\t\t<br style=\"clear: both;\" \/>\n\t\t\t<a href=\"https:\/\/i0.wp.com\/vonderheideducht.de\/wp-content\/uploads\/2017\/09\/09_17_005.jpg?fit=400%2C600&ssl=1\" title=\"09_17_005\" rel=\"polaroid_853379816\" class=\"polaroid-gallery-item showcaption\"><span class=\"polaroid-gallery-image\" title=\"Nena und Hexe\" style=\"background-image: url(https:\/\/i0.wp.com\/vonderheideducht.de\/wp-content\/uploads\/2017\/09\/09_17_005.jpg?resize=150%2C150&ssl=1); width: 150px; height: 150px;\"><\/span><\/a>\n\t\t\t<br style=\"clear: both;\" \/><\/div>\n\n","protected":false},"excerpt":{"rendered":"<p>Diesen Herbst sollte ja unsere Hexe eigentlich ihren ersten Wurf kriegen! Nun wurde sie auch l\u00e4ufig und wir haben uns \u00fcberlegt, dass das erste Decken f\u00fcr Hexe ganz entspannt und ohne Zwang passieren sollte und ganz frei. Der Deckr\u00fcde wurde also einquartiert und war auch sehr angetan, war sowohl an Hexe als auch an Nena &hellip; <a href=\"https:\/\/vonderheideducht.de\/?p=2350\" class=\"more-link\"><span class=\"screen-reader-text\">Welpenplanung 2018<\/span> weiterlesen <span class=\"meta-nav\">&rarr;<\/span><\/a><\/p>\n","protected":false},"author":1,"featured_media":0,"comment_status":"open","ping_status":"closed","sticky":false,"template":"","format":"standard","meta":{"ngg_post_thumbnail":0,"jetpack_post_was_ever_published":false,"_jetpack_newsletter_access":"","_jetpack_dont_email_post_to_subs":true,"_jetpack_newsletter_tier_id":0,"footnotes":"","jetpack_publicize_message":"","jetpack_publicize_feature_enabled":true,"jetpack_social_post_already_shared":true,"jetpack_social_options":{"image_generator_settings":{"template":"highway","enabled":false}}},"categories":[10,16],"tags":[],"class_list":["post-2350","post","type-post","status-publish","format-standard","hentry","category-aus-der-heideducht","category-welpentagebuch-j-wurf"],"jetpack_publicize_connections":[],"jetpack_featured_media_url":"","jetpack_sharing_enabled":true,"jetpack_shortlink":"https:\/\/wp.me\/p71my5-BU","jetpack_likes_enabled":true,"_links":{"self":[{"href":"https:\/\/vonderheideducht.de\/index.php?rest_route=\/wp\/v2\/posts\/2350","targetHints":{"allow":["GET"]}}],"collection":[{"href":"https:\/\/vonderheideducht.de\/index.php?rest_route=\/wp\/v2\/posts"}],"about":[{"href":"https:\/\/vonderheideducht.de\/index.php?rest_route=\/wp\/v2\/types\/post"}],"author":[{"embeddable":true,"href":"https:\/\/vonderheideducht.de\/index.php?rest_route=\/wp\/v2\/users\/1"}],"replies":[{"embeddable":true,"href":"https:\/\/vonderheideducht.de\/index.php?rest_route=%2Fwp%2Fv2%2Fcomments&post=2350"}],"version-history":[{"count":2,"href":"https:\/\/vonderheideducht.de\/index.php?rest_route=\/wp\/v2\/posts\/2350\/revisions"}],"predecessor-version":[{"id":2357,"href":"https:\/\/vonderheideducht.de\/index.php?rest_route=\/wp\/v2\/posts\/2350\/revisions\/2357"}],"wp:attachment":[{"href":"https:\/\/vonderheideducht.de\/index.php?rest_route=%2Fwp%2Fv2%2Fmedia&parent=2350"}],"wp:term":[{"taxonomy":"category","embeddable":true,"href":"https:\/\/vonderheideducht.de\/index.php?rest_route=%2Fwp%2Fv2%2Fcategories&post=2350"},{"taxonomy":"post_tag","embeddable":true,"href":"https:\/\/vonderheideducht.de\/index.php?rest_route=%2Fwp%2Fv2%2Ftags&post=2350"}],"curies":[{"name":"wp","href":"https:\/\/api.w.org\/{rel}","templated":true}]}}