{"id":2360,"date":"2017-09-18T19:48:25","date_gmt":"2017-09-18T17:48:25","guid":{"rendered":"http:\/\/www.heideducht.de\/blog\/?p=2360"},"modified":"2017-09-19T19:54:28","modified_gmt":"2017-09-19T17:54:28","slug":"besuch-bei-ida","status":"publish","type":"post","link":"https:\/\/vonderheideducht.de\/?p=2360","title":{"rendered":"Besuch bei Ida!"},"content":{"rendered":"<p>Wir haben vor Kurzem die kleine Ida in Bergedorf besucht!<\/p>\n<p>Sie ist eine ganz liebe H\u00fcndin, sie l\u00e4uft nicht weg, gehorcht sehr gut und spielt ganz lieb mit dem 2 1\/2 j\u00e4hrigen Enkel und der 7 j\u00e4hrigen Enkelin. Ich habe ihr und auch Irma in Itzehohe schon mal die Haare, die Pfoten und den Pony geschnitten und gezeigt, wie man die Babywolle k\u00e4mmt und richtig pflegt! Die neuen Frauchen haben es dankend angenommen und haben jetzt noch mehr Spass beim K\u00e4mmen und B\u00fcrsten ihrer s\u00fcssen M\u00e4dels!<\/p>\n<p>Ida war vor Kurzem auch in D\u00e4nemark, wo sie gebadet und am Strand getobt hat, mit anschliessendem Sonnenbad zum Felltrocknen lassen &#8211; herrlich fand Ida das!<\/p>\n<p>Hier musste Ida erstmal geknuddelt werden!<\/p>\n<figure id=\"attachment_2362\" aria-describedby=\"caption-attachment-2362\" style=\"width: 400px\" class=\"wp-caption alignnone\"><img loading=\"lazy\" decoding=\"async\" class=\"size-full wp-image-2362\" src=\"https:\/\/i0.wp.com\/vonderheideducht.de\/blog\/wp-content\/uploads\/2017\/09\/09_17_006.jpg?resize=400%2C600&#038;ssl=1\" alt=\"\" width=\"400\" height=\"600\" srcset=\"https:\/\/i0.wp.com\/vonderheideducht.de\/wp-content\/uploads\/2017\/09\/09_17_006.jpg?w=400&amp;ssl=1 400w, https:\/\/i0.wp.com\/vonderheideducht.de\/wp-content\/uploads\/2017\/09\/09_17_006.jpg?resize=200%2C300&amp;ssl=1 200w\" sizes=\"auto, (max-width: 400px) 100vw, 400px\" data-recalc-dims=\"1\" \/><figcaption id=\"caption-attachment-2362\" class=\"wp-caption-text\">Besuch bei Ida<\/figcaption><\/figure>\n<p>&nbsp;<\/p>\n","protected":false},"excerpt":{"rendered":"<p>Wir haben vor Kurzem die kleine Ida in Bergedorf besucht! Sie ist eine ganz liebe H\u00fcndin, sie l\u00e4uft nicht weg, gehorcht sehr gut und spielt ganz lieb mit dem 2 1\/2 j\u00e4hrigen Enkel und der 7 j\u00e4hrigen Enkelin. Ich habe ihr und auch Irma in Itzehohe schon mal die Haare, die Pfoten und den Pony &hellip; <a href=\"https:\/\/vonderheideducht.de\/?p=2360\" class=\"more-link\"><span class=\"screen-reader-text\">Besuch bei Ida!<\/span> weiterlesen <span class=\"meta-nav\">&rarr;<\/span><\/a><\/p>\n","protected":false},"author":1,"featured_media":0,"comment_status":"open","ping_status":"closed","sticky":false,"template":"","format":"standard","meta":{"ngg_post_thumbnail":0,"jetpack_post_was_ever_published":false,"_jetpack_newsletter_access":"","_jetpack_dont_email_post_to_subs":false,"_jetpack_newsletter_tier_id":0,"footnotes":"","jetpack_publicize_message":"","jetpack_publicize_feature_enabled":true,"jetpack_social_post_already_shared":true,"jetpack_social_options":{"image_generator_settings":{"template":"highway","enabled":false}}},"categories":[10,9],"tags":[],"class_list":["post-2360","post","type-post","status-publish","format-standard","hentry","category-aus-der-heideducht","category-gruesse-von-unseren-welpen"],"jetpack_publicize_connections":[],"jetpack_featured_media_url":"","jetpack_sharing_enabled":true,"jetpack_shortlink":"https:\/\/wp.me\/p71my5-C4","jetpack_likes_enabled":true,"_links":{"self":[{"href":"https:\/\/vonderheideducht.de\/index.php?rest_route=\/wp\/v2\/posts\/2360","targetHints":{"allow":["GET"]}}],"collection":[{"href":"https:\/\/vonderheideducht.de\/index.php?rest_route=\/wp\/v2\/posts"}],"about":[{"href":"https:\/\/vonderheideducht.de\/index.php?rest_route=\/wp\/v2\/types\/post"}],"author":[{"embeddable":true,"href":"https:\/\/vonderheideducht.de\/index.php?rest_route=\/wp\/v2\/users\/1"}],"replies":[{"embeddable":true,"href":"https:\/\/vonderheideducht.de\/index.php?rest_route=%2Fwp%2Fv2%2Fcomments&post=2360"}],"version-history":[{"count":2,"href":"https:\/\/vonderheideducht.de\/index.php?rest_route=\/wp\/v2\/posts\/2360\/revisions"}],"predecessor-version":[{"id":2364,"href":"https:\/\/vonderheideducht.de\/index.php?rest_route=\/wp\/v2\/posts\/2360\/revisions\/2364"}],"wp:attachment":[{"href":"https:\/\/vonderheideducht.de\/index.php?rest_route=%2Fwp%2Fv2%2Fmedia&parent=2360"}],"wp:term":[{"taxonomy":"category","embeddable":true,"href":"https:\/\/vonderheideducht.de\/index.php?rest_route=%2Fwp%2Fv2%2Fcategories&post=2360"},{"taxonomy":"post_tag","embeddable":true,"href":"https:\/\/vonderheideducht.de\/index.php?rest_route=%2Fwp%2Fv2%2Ftags&post=2360"}],"curies":[{"name":"wp","href":"https:\/\/api.w.org\/{rel}","templated":true}]}}