{"id":2365,"date":"2017-09-19T20:03:43","date_gmt":"2017-09-19T18:03:43","guid":{"rendered":"http:\/\/www.heideducht.de\/blog\/?p=2365"},"modified":"2017-09-19T20:04:15","modified_gmt":"2017-09-19T18:04:15","slug":"deckruede-cheiron-wird-wieder-papa","status":"publish","type":"post","link":"https:\/\/vonderheideducht.de\/?p=2365","title":{"rendered":"Deckr\u00fcde Cheiron wird wieder Papa!"},"content":{"rendered":"<p>Unser lieber Junge Cheiron, unser Deckr\u00fcde, wird wieder Papa!<\/p>\n<figure id=\"attachment_2324\" aria-describedby=\"caption-attachment-2324\" style=\"width: 600px\" class=\"wp-caption alignnone\"><img loading=\"lazy\" decoding=\"async\" class=\"size-full wp-image-2324\" src=\"https:\/\/i0.wp.com\/vonderheideducht.de\/blog\/wp-content\/uploads\/2017\/06\/cheiron.jpg?resize=474%2C313&#038;ssl=1\" alt=\"\" width=\"474\" height=\"313\" srcset=\"https:\/\/i0.wp.com\/vonderheideducht.de\/wp-content\/uploads\/2017\/06\/cheiron.jpg?w=600&amp;ssl=1 600w, https:\/\/i0.wp.com\/vonderheideducht.de\/wp-content\/uploads\/2017\/06\/cheiron.jpg?resize=300%2C198&amp;ssl=1 300w\" sizes=\"auto, (max-width: 474px) 100vw, 474px\" data-recalc-dims=\"1\" \/><figcaption id=\"caption-attachment-2324\" class=\"wp-caption-text\">Cockertreffen 2017<\/figcaption><\/figure>\n<p>Aber nicht bei unseren M\u00e4dels,\u00a0 sondern bei\u00a0 Abbi von Lowland!<\/p>\n<p>Abbi von Lowland wohnt in 25566 Rethwisch\u00a0bei Bernd Engemann\u00a0 und ist laut Ultraschall tr\u00e4chtig mit 4 oder auch mehr Babys! Der Wurf wird so um den 19.10.2017 &#8222;eintrudeln&#8220; und\u00a0 ich freue mich , das wir das Decken mit den Beiden so gut hinbekommen haben.<\/p>\n<p>Wir freuen uns!<\/p>\n<p>Informationen zu unserem Cheiron gibt es hier: &lt; <a href=\"https:\/\/vonderheideducht.de\/blog\/?page_id=1717\">hier anklicken<\/a> &gt;<\/p>\n<p>Cheiron steht als Deckr\u00fcde zur Verf\u00fcgung &#8211; bei Interesse gerne Nachricht \u00fcber das <a href=\"https:\/\/vonderheideducht.de\/blog\/?page_id=14\">Kontaktformular<\/a> oder direkt per Anruf an Ute Ramm, <b>Kontakt: <\/b>Tel. 04858\/971<\/p>\n","protected":false},"excerpt":{"rendered":"<p>Unser lieber Junge Cheiron, unser Deckr\u00fcde, wird wieder Papa! Aber nicht bei unseren M\u00e4dels,\u00a0 sondern bei\u00a0 Abbi von Lowland! Abbi von Lowland wohnt in 25566 Rethwisch\u00a0bei Bernd Engemann\u00a0 und ist laut Ultraschall tr\u00e4chtig mit 4 oder auch mehr Babys! Der Wurf wird so um den 19.10.2017 &#8222;eintrudeln&#8220; und\u00a0 ich freue mich , das wir das &hellip; <a href=\"https:\/\/vonderheideducht.de\/?p=2365\" class=\"more-link\"><span class=\"screen-reader-text\">Deckr\u00fcde Cheiron wird wieder Papa!<\/span> weiterlesen <span class=\"meta-nav\">&rarr;<\/span><\/a><\/p>\n","protected":false},"author":1,"featured_media":0,"comment_status":"open","ping_status":"closed","sticky":false,"template":"","format":"standard","meta":{"ngg_post_thumbnail":0,"jetpack_post_was_ever_published":false,"_jetpack_newsletter_access":"","_jetpack_dont_email_post_to_subs":true,"_jetpack_newsletter_tier_id":0,"footnotes":"","jetpack_publicize_message":"","jetpack_publicize_feature_enabled":true,"jetpack_social_post_already_shared":true,"jetpack_social_options":{"image_generator_settings":{"template":"highway","enabled":false}}},"categories":[10],"tags":[],"class_list":["post-2365","post","type-post","status-publish","format-standard","hentry","category-aus-der-heideducht"],"jetpack_publicize_connections":[],"jetpack_featured_media_url":"","jetpack_sharing_enabled":true,"jetpack_shortlink":"https:\/\/wp.me\/p71my5-C9","jetpack_likes_enabled":true,"_links":{"self":[{"href":"https:\/\/vonderheideducht.de\/index.php?rest_route=\/wp\/v2\/posts\/2365","targetHints":{"allow":["GET"]}}],"collection":[{"href":"https:\/\/vonderheideducht.de\/index.php?rest_route=\/wp\/v2\/posts"}],"about":[{"href":"https:\/\/vonderheideducht.de\/index.php?rest_route=\/wp\/v2\/types\/post"}],"author":[{"embeddable":true,"href":"https:\/\/vonderheideducht.de\/index.php?rest_route=\/wp\/v2\/users\/1"}],"replies":[{"embeddable":true,"href":"https:\/\/vonderheideducht.de\/index.php?rest_route=%2Fwp%2Fv2%2Fcomments&post=2365"}],"version-history":[{"count":2,"href":"https:\/\/vonderheideducht.de\/index.php?rest_route=\/wp\/v2\/posts\/2365\/revisions"}],"predecessor-version":[{"id":2367,"href":"https:\/\/vonderheideducht.de\/index.php?rest_route=\/wp\/v2\/posts\/2365\/revisions\/2367"}],"wp:attachment":[{"href":"https:\/\/vonderheideducht.de\/index.php?rest_route=%2Fwp%2Fv2%2Fmedia&parent=2365"}],"wp:term":[{"taxonomy":"category","embeddable":true,"href":"https:\/\/vonderheideducht.de\/index.php?rest_route=%2Fwp%2Fv2%2Fcategories&post=2365"},{"taxonomy":"post_tag","embeddable":true,"href":"https:\/\/vonderheideducht.de\/index.php?rest_route=%2Fwp%2Fv2%2Ftags&post=2365"}],"curies":[{"name":"wp","href":"https:\/\/api.w.org\/{rel}","templated":true}]}}