{"id":2369,"date":"2017-10-22T20:50:39","date_gmt":"2017-10-22T18:50:39","guid":{"rendered":"http:\/\/www.heideducht.de\/blog\/?p=2369"},"modified":"2017-10-28T21:44:41","modified_gmt":"2017-10-28T19:44:41","slug":"cheiron-ist-papa-geworden","status":"publish","type":"post","link":"https:\/\/vonderheideducht.de\/?p=2369","title":{"rendered":"Cheiron ist Papa geworden!"},"content":{"rendered":"<p>Wir haben ja berichtet, dass Cheiron im September bei Abbi von Lowland gedeckt hat &#8211; und jetzt ist der Nachwuchs da!<\/p>\n<p>Am 17.10.2017 haben 7 Welpen das Licht der Welt erblickt, 4 H\u00fcndinnen und 3 R\u00fcden!<\/p>\n<p>Leider sind am 19.10.2017 dann allerdings 3 Welpen verstorben.<\/p>\n<p>Aber den \u00fcbrigen Vieren, zwei M\u00e4dchen (rot und schwarz)\u00a0 und zwei Jungs (rot und schwarz), geht es gut und sie entwickeln sich pr\u00e4chtig!<br \/>\nWir freuen uns dar\u00fcber sehr und gratulieren recht herzlich zum C-Wurf im Hause Lowland!<\/p>\n<p>Fotos und Infos gibt es auch direkt auf der Homepage der Fam. Rethwisch, bei den &#8222;Cockern von Lowland&#8220; unter\u00a0 <a href=\"http:\/\/www.cocker-von-lowland.de\/seite\/334303\/c-wurf.html\" target=\"_blank\">http:\/\/www.cocker-von-lowland.de\/seite\/334303\/c-wurf.html<\/a><\/p>\n<p>und hier noch drei Fotos von Cheiron!<\/p>\n<p><img loading=\"lazy\" decoding=\"async\" class=\"alignnone size-full wp-image-2371\" src=\"https:\/\/i0.wp.com\/vonderheideducht.de\/blog\/wp-content\/uploads\/2017\/10\/cheiron1.jpg?resize=400%2C600&#038;ssl=1\" alt=\"\" width=\"400\" height=\"600\" srcset=\"https:\/\/i0.wp.com\/vonderheideducht.de\/wp-content\/uploads\/2017\/10\/cheiron1.jpg?w=400&amp;ssl=1 400w, https:\/\/i0.wp.com\/vonderheideducht.de\/wp-content\/uploads\/2017\/10\/cheiron1.jpg?resize=200%2C300&amp;ssl=1 200w\" sizes=\"auto, (max-width: 400px) 100vw, 400px\" data-recalc-dims=\"1\" \/><\/p>\n<p><img loading=\"lazy\" decoding=\"async\" class=\"alignnone size-full wp-image-2372\" src=\"https:\/\/i0.wp.com\/vonderheideducht.de\/blog\/wp-content\/uploads\/2017\/10\/cheiron2.jpg?resize=474%2C313&#038;ssl=1\" alt=\"\" width=\"474\" height=\"313\" srcset=\"https:\/\/i0.wp.com\/vonderheideducht.de\/wp-content\/uploads\/2017\/10\/cheiron2.jpg?w=600&amp;ssl=1 600w, https:\/\/i0.wp.com\/vonderheideducht.de\/wp-content\/uploads\/2017\/10\/cheiron2.jpg?resize=300%2C198&amp;ssl=1 300w\" sizes=\"auto, (max-width: 474px) 100vw, 474px\" data-recalc-dims=\"1\" \/><\/p>\n<p><img loading=\"lazy\" decoding=\"async\" class=\"alignnone size-full wp-image-2373\" src=\"https:\/\/i0.wp.com\/vonderheideducht.de\/blog\/wp-content\/uploads\/2017\/10\/cheiron3.jpg?resize=400%2C600&#038;ssl=1\" alt=\"\" width=\"400\" height=\"600\" srcset=\"https:\/\/i0.wp.com\/vonderheideducht.de\/wp-content\/uploads\/2017\/10\/cheiron3.jpg?w=400&amp;ssl=1 400w, https:\/\/i0.wp.com\/vonderheideducht.de\/wp-content\/uploads\/2017\/10\/cheiron3.jpg?resize=200%2C300&amp;ssl=1 200w\" sizes=\"auto, (max-width: 400px) 100vw, 400px\" data-recalc-dims=\"1\" \/><\/p>\n<p>&nbsp;<\/p>\n<p>&nbsp;<\/p>\n","protected":false},"excerpt":{"rendered":"<p>Wir haben ja berichtet, dass Cheiron im September bei Abbi von Lowland gedeckt hat &#8211; und jetzt ist der Nachwuchs da! Am 17.10.2017 haben 7 Welpen das Licht der Welt erblickt, 4 H\u00fcndinnen und 3 R\u00fcden! Leider sind am 19.10.2017 dann allerdings 3 Welpen verstorben. Aber den \u00fcbrigen Vieren, zwei M\u00e4dchen (rot und schwarz)\u00a0 und &hellip; <a href=\"https:\/\/vonderheideducht.de\/?p=2369\" class=\"more-link\"><span class=\"screen-reader-text\">Cheiron ist Papa geworden!<\/span> weiterlesen <span class=\"meta-nav\">&rarr;<\/span><\/a><\/p>\n","protected":false},"author":1,"featured_media":0,"comment_status":"open","ping_status":"closed","sticky":false,"template":"","format":"standard","meta":{"ngg_post_thumbnail":0,"jetpack_post_was_ever_published":false,"_jetpack_newsletter_access":"","_jetpack_dont_email_post_to_subs":true,"_jetpack_newsletter_tier_id":0,"footnotes":"","jetpack_publicize_message":"","jetpack_publicize_feature_enabled":true,"jetpack_social_post_already_shared":true,"jetpack_social_options":{"image_generator_settings":{"template":"highway","enabled":false}}},"categories":[10],"tags":[],"class_list":["post-2369","post","type-post","status-publish","format-standard","hentry","category-aus-der-heideducht"],"jetpack_publicize_connections":[],"jetpack_featured_media_url":"","jetpack_sharing_enabled":true,"jetpack_shortlink":"https:\/\/wp.me\/p71my5-Cd","jetpack_likes_enabled":true,"_links":{"self":[{"href":"https:\/\/vonderheideducht.de\/index.php?rest_route=\/wp\/v2\/posts\/2369","targetHints":{"allow":["GET"]}}],"collection":[{"href":"https:\/\/vonderheideducht.de\/index.php?rest_route=\/wp\/v2\/posts"}],"about":[{"href":"https:\/\/vonderheideducht.de\/index.php?rest_route=\/wp\/v2\/types\/post"}],"author":[{"embeddable":true,"href":"https:\/\/vonderheideducht.de\/index.php?rest_route=\/wp\/v2\/users\/1"}],"replies":[{"embeddable":true,"href":"https:\/\/vonderheideducht.de\/index.php?rest_route=%2Fwp%2Fv2%2Fcomments&post=2369"}],"version-history":[{"count":2,"href":"https:\/\/vonderheideducht.de\/index.php?rest_route=\/wp\/v2\/posts\/2369\/revisions"}],"predecessor-version":[{"id":2374,"href":"https:\/\/vonderheideducht.de\/index.php?rest_route=\/wp\/v2\/posts\/2369\/revisions\/2374"}],"wp:attachment":[{"href":"https:\/\/vonderheideducht.de\/index.php?rest_route=%2Fwp%2Fv2%2Fmedia&parent=2369"}],"wp:term":[{"taxonomy":"category","embeddable":true,"href":"https:\/\/vonderheideducht.de\/index.php?rest_route=%2Fwp%2Fv2%2Fcategories&post=2369"},{"taxonomy":"post_tag","embeddable":true,"href":"https:\/\/vonderheideducht.de\/index.php?rest_route=%2Fwp%2Fv2%2Ftags&post=2369"}],"curies":[{"name":"wp","href":"https:\/\/api.w.org\/{rel}","templated":true}]}}