{"id":2387,"date":"2017-11-04T20:09:45","date_gmt":"2017-11-04T19:09:45","guid":{"rendered":"https:\/\/vonderheideducht.de\/blog\/?p=2387"},"modified":"2019-05-21T13:49:05","modified_gmt":"2019-05-21T11:49:05","slug":"wir-haben-unsere-alte-domain-wieder","status":"publish","type":"post","link":"https:\/\/vonderheideducht.de\/?p=2387","title":{"rendered":"Wir haben unsere &#8222;alte&#8220; Domain wieder!"},"content":{"rendered":"<p>Vor gut zwei Jahren, im Mai 2015, haben wir aufgrund ganz bl\u00f6der Umst\u00e4nde unsere Domain &#8222;https:\/\/vonderheideducht.de&#8220; nicht verl\u00e4ngern k\u00f6nnen; sie wurde automatisch gel\u00f6scht und dann auch noch von einer anderen Person\/Firma wieder registriert, der\/die mit dem Verkauf dieser Domain&nbsp; Geld&nbsp; verdienen wollte. .&nbsp; Aber teuer kaufen (zur\u00fcckkaufen) wollten WIR nicht&#8230;<\/p>\n<p>Wir haben daher nun zwei Jahre lang unsere Homepage unter der Domain &#8222;https:\/\/vonderheideducht.de&#8220; laufen lassen &#8211; da dies unserer alten Domain am \u00c4hnlichsten war.<\/p>\n<p>Aber JETZT &#8211; haha!!! &#8211; haben wir unsere alte Domain wieder, wir konnten sie f\u00fcr uns erneut registrieren!!! Wir freuen uns dar\u00fcber sehr, denn wir sind und bleiben einfach &#8222;von der Heideducht&#8220; &#8211; so heisst ja nun mal unsere Zucht und Heideducht.de war nur ein Notbehelf!!<\/p>\n<p>Ab sofort sind wir also wieder unter https:\/\/vonderheideducht.de erreichbar!<\/p>\n<p>Wir freuen uns, wieder &#8222;vonderheideducht.de&#8220; zu sein!<\/p>\n<p><img loading=\"lazy\" decoding=\"async\" class=\"alignnone size-full wp-image-1602\" src=\"https:\/\/i0.wp.com\/vonderheideducht.de\/blog\/wp-content\/uploads\/2015\/12\/utehorst.jpg?resize=333%2C500&#038;ssl=1\" alt=\"\" width=\"333\" height=\"500\" srcset=\"https:\/\/i0.wp.com\/vonderheideducht.de\/wp-content\/uploads\/2015\/12\/utehorst.jpg?w=333&amp;ssl=1 333w, https:\/\/i0.wp.com\/vonderheideducht.de\/wp-content\/uploads\/2015\/12\/utehorst.jpg?resize=200%2C300&amp;ssl=1 200w\" sizes=\"auto, (max-width: 333px) 100vw, 333px\" data-recalc-dims=\"1\" \/><\/p>\n","protected":false},"excerpt":{"rendered":"<p>Vor gut zwei Jahren, im Mai 2015, haben wir aufgrund ganz bl\u00f6der Umst\u00e4nde unsere Domain &#8222;https:\/\/vonderheideducht.de&#8220; nicht verl\u00e4ngern k\u00f6nnen; sie wurde automatisch gel\u00f6scht und dann auch noch von einer anderen Person\/Firma wieder registriert, der\/die mit dem Verkauf dieser Domain&nbsp; Geld&nbsp; verdienen wollte. .&nbsp; Aber teuer kaufen (zur\u00fcckkaufen) wollten WIR nicht&#8230; Wir haben daher nun zwei &hellip; <a href=\"https:\/\/vonderheideducht.de\/?p=2387\" class=\"more-link\"><span class=\"screen-reader-text\">Wir haben unsere &#8222;alte&#8220; Domain wieder!<\/span> weiterlesen <span class=\"meta-nav\">&rarr;<\/span><\/a><\/p>\n","protected":false},"author":1,"featured_media":0,"comment_status":"closed","ping_status":"closed","sticky":false,"template":"","format":"standard","meta":{"ngg_post_thumbnail":0,"jetpack_post_was_ever_published":false,"_jetpack_newsletter_access":"","_jetpack_dont_email_post_to_subs":true,"_jetpack_newsletter_tier_id":0,"footnotes":"","jetpack_publicize_message":"","jetpack_publicize_feature_enabled":true,"jetpack_social_post_already_shared":true,"jetpack_social_options":{"image_generator_settings":{"template":"highway","enabled":false}}},"categories":[1,10],"tags":[],"class_list":["post-2387","post","type-post","status-publish","format-standard","hentry","category-allgemeines","category-aus-der-heideducht"],"jetpack_publicize_connections":[],"jetpack_featured_media_url":"","jetpack_sharing_enabled":false,"jetpack_shortlink":"https:\/\/wp.me\/p71my5-Cv","jetpack_likes_enabled":false,"_links":{"self":[{"href":"https:\/\/vonderheideducht.de\/index.php?rest_route=\/wp\/v2\/posts\/2387","targetHints":{"allow":["GET"]}}],"collection":[{"href":"https:\/\/vonderheideducht.de\/index.php?rest_route=\/wp\/v2\/posts"}],"about":[{"href":"https:\/\/vonderheideducht.de\/index.php?rest_route=\/wp\/v2\/types\/post"}],"author":[{"embeddable":true,"href":"https:\/\/vonderheideducht.de\/index.php?rest_route=\/wp\/v2\/users\/1"}],"replies":[{"embeddable":true,"href":"https:\/\/vonderheideducht.de\/index.php?rest_route=%2Fwp%2Fv2%2Fcomments&post=2387"}],"version-history":[{"count":3,"href":"https:\/\/vonderheideducht.de\/index.php?rest_route=\/wp\/v2\/posts\/2387\/revisions"}],"predecessor-version":[{"id":3992,"href":"https:\/\/vonderheideducht.de\/index.php?rest_route=\/wp\/v2\/posts\/2387\/revisions\/3992"}],"wp:attachment":[{"href":"https:\/\/vonderheideducht.de\/index.php?rest_route=%2Fwp%2Fv2%2Fmedia&parent=2387"}],"wp:term":[{"taxonomy":"category","embeddable":true,"href":"https:\/\/vonderheideducht.de\/index.php?rest_route=%2Fwp%2Fv2%2Fcategories&post=2387"},{"taxonomy":"post_tag","embeddable":true,"href":"https:\/\/vonderheideducht.de\/index.php?rest_route=%2Fwp%2Fv2%2Ftags&post=2387"}],"curies":[{"name":"wp","href":"https:\/\/api.w.org\/{rel}","templated":true}]}}