{"id":2392,"date":"2017-11-07T14:10:48","date_gmt":"2017-11-07T13:10:48","guid":{"rendered":"https:\/\/vonderheideducht.de\/blog\/?p=2392"},"modified":"2017-11-07T14:10:48","modified_gmt":"2017-11-07T13:10:48","slug":"herbstliche-gruesse","status":"publish","type":"post","link":"https:\/\/vonderheideducht.de\/?p=2392","title":{"rendered":"Herbstliche Gr\u00fc\u00dfe!"},"content":{"rendered":"<p>Heute zeige ich Euch ein Foto von Fanny, mit Hanna!<\/p>\n<p>Fanny ist eine Tochter von Dicksche und ist gerade 10 Jahre alt geworden!<\/p>\n<figure id=\"attachment_2393\" aria-describedby=\"caption-attachment-2393\" style=\"width: 400px\" class=\"wp-caption alignnone\"><img loading=\"lazy\" decoding=\"async\" class=\"size-full wp-image-2393\" src=\"https:\/\/i0.wp.com\/vonderheideducht.de\/blog\/wp-content\/uploads\/2017\/11\/fannyhanna.jpg?resize=400%2C600&#038;ssl=1\" alt=\"\" width=\"400\" height=\"600\" srcset=\"https:\/\/i0.wp.com\/vonderheideducht.de\/wp-content\/uploads\/2017\/11\/fannyhanna.jpg?w=400&amp;ssl=1 400w, https:\/\/i0.wp.com\/vonderheideducht.de\/wp-content\/uploads\/2017\/11\/fannyhanna.jpg?resize=200%2C300&amp;ssl=1 200w\" sizes=\"auto, (max-width: 400px) 100vw, 400px\" data-recalc-dims=\"1\" \/><figcaption id=\"caption-attachment-2393\" class=\"wp-caption-text\">Fanny (schwarz) und Hanna<\/figcaption><\/figure>\n<p>Auf diesem super sch\u00f6nen Foto sitzen Fanny und Hanna inmitten von herbstlich eingef\u00e4rbten Bl\u00e4ttern,\u00a0 und posieren f\u00fcr die Kamera!<\/p>\n<p>Ein sehr lieber Gru\u00df, von Fanny und Hanna an einem zauberhaften Tag im Laubwald zu Kappeln!<\/p>\n","protected":false},"excerpt":{"rendered":"<p>Heute zeige ich Euch ein Foto von Fanny, mit Hanna! Fanny ist eine Tochter von Dicksche und ist gerade 10 Jahre alt geworden! Auf diesem super sch\u00f6nen Foto sitzen Fanny und Hanna inmitten von herbstlich eingef\u00e4rbten Bl\u00e4ttern,\u00a0 und posieren f\u00fcr die Kamera! Ein sehr lieber Gru\u00df, von Fanny und Hanna an einem zauberhaften Tag im &hellip; <a href=\"https:\/\/vonderheideducht.de\/?p=2392\" class=\"more-link\"><span class=\"screen-reader-text\">Herbstliche Gr\u00fc\u00dfe!<\/span> weiterlesen <span class=\"meta-nav\">&rarr;<\/span><\/a><\/p>\n","protected":false},"author":1,"featured_media":0,"comment_status":"open","ping_status":"closed","sticky":false,"template":"","format":"standard","meta":{"ngg_post_thumbnail":0,"jetpack_post_was_ever_published":false,"_jetpack_newsletter_access":"","_jetpack_dont_email_post_to_subs":false,"_jetpack_newsletter_tier_id":0,"footnotes":"","jetpack_publicize_message":"","jetpack_publicize_feature_enabled":true,"jetpack_social_post_already_shared":true,"jetpack_social_options":{"image_generator_settings":{"template":"highway","enabled":false}}},"categories":[9],"tags":[],"class_list":["post-2392","post","type-post","status-publish","format-standard","hentry","category-gruesse-von-unseren-welpen"],"jetpack_publicize_connections":[],"jetpack_featured_media_url":"","jetpack_sharing_enabled":true,"jetpack_shortlink":"https:\/\/wp.me\/p71my5-CA","jetpack_likes_enabled":true,"_links":{"self":[{"href":"https:\/\/vonderheideducht.de\/index.php?rest_route=\/wp\/v2\/posts\/2392","targetHints":{"allow":["GET"]}}],"collection":[{"href":"https:\/\/vonderheideducht.de\/index.php?rest_route=\/wp\/v2\/posts"}],"about":[{"href":"https:\/\/vonderheideducht.de\/index.php?rest_route=\/wp\/v2\/types\/post"}],"author":[{"embeddable":true,"href":"https:\/\/vonderheideducht.de\/index.php?rest_route=\/wp\/v2\/users\/1"}],"replies":[{"embeddable":true,"href":"https:\/\/vonderheideducht.de\/index.php?rest_route=%2Fwp%2Fv2%2Fcomments&post=2392"}],"version-history":[{"count":1,"href":"https:\/\/vonderheideducht.de\/index.php?rest_route=\/wp\/v2\/posts\/2392\/revisions"}],"predecessor-version":[{"id":2394,"href":"https:\/\/vonderheideducht.de\/index.php?rest_route=\/wp\/v2\/posts\/2392\/revisions\/2394"}],"wp:attachment":[{"href":"https:\/\/vonderheideducht.de\/index.php?rest_route=%2Fwp%2Fv2%2Fmedia&parent=2392"}],"wp:term":[{"taxonomy":"category","embeddable":true,"href":"https:\/\/vonderheideducht.de\/index.php?rest_route=%2Fwp%2Fv2%2Fcategories&post=2392"},{"taxonomy":"post_tag","embeddable":true,"href":"https:\/\/vonderheideducht.de\/index.php?rest_route=%2Fwp%2Fv2%2Ftags&post=2392"}],"curies":[{"name":"wp","href":"https:\/\/api.w.org\/{rel}","templated":true}]}}