{"id":2424,"date":"2018-01-03T10:08:38","date_gmt":"2018-01-03T09:08:38","guid":{"rendered":"https:\/\/vonderheideducht.de\/blog\/?p=2424"},"modified":"2019-05-21T13:53:37","modified_gmt":"2019-05-21T11:53:37","slug":"hexes-1-mal-august-2017","status":"publish","type":"post","link":"https:\/\/vonderheideducht.de\/?p=2424","title":{"rendered":"Hexes 1. Mal (August 2017)!"},"content":{"rendered":"<p>Hexes Erstes Mal!<\/p>\n<p>Hexe ist hoch l\u00e4ufig am 3.8.2017. Es ist der 8.Tag der L\u00e4ufigkeit. Wir hatten einen R\u00fcden f\u00fcr Hexe ausgesucht, der sie im Januar decken sollte, da Hexe sich aber bis Ende Februar Zeit gelassen hat, l\u00e4ufig zu werden, haben wir diesen Plan gecancelt!!<br \/>\nUns ist dieser Termin zu sp\u00e4t f\u00fcr Welpen, wir kommen dann  mit dem Abgabetermin der Welpen  bis mitten in den Sommer und das ist uns zu sp\u00e4t.<br \/>\nAlso habe ich bei dem R\u00fcden abgesagt und ihn auf Juli, August vertr\u00f6stet. Wir werden dann ganz bestimmt kommen, der R\u00fcde ist auch schon 4 Jahre und es sollte f\u00fcr ihn auch das erste Mal sein.  Im Juli dann, eine Woche bevor Hexe l\u00e4ufig wurde, bekam ich dann eine Mail vom R\u00fcdenbesitzer,  die lautete so: Der R\u00fcde steht nicht mehr zum Decken zur Verf\u00fcgung . Da Sie sich nicht mehr gemeldet haben, gehe ich davon aus, dass das Interesse an dem Deckr\u00fcden nicht mehr besteht, ich habe den Augenuntersuchungstermin abgesagt und der R\u00fcde w\u00fcrde erst wieder im Oktober zur Verf\u00fcgung stehen!<br \/>\nIch habe geantwortet:  ich bin doch etwas entt\u00e4uscht,  ich habe mich in der Zwischenzeit nicht gemeldet,weil ich nicht nerven wollte: Es ist doch \u00fcblich, sich erst wieder zu melden, wenn die H\u00fcndin l\u00e4ufig ist!!! Mit Freundlichen Gr\u00fc\u00dfen<\/p>\n<p>So und nun ???? Plan B. Meine Freundin hat einen lieben R\u00fcden, der zu Hause seine H\u00fcndin schon zweimal gedeckt hat, der darf nun am 8 Tag bis 13 Tag zu uns kommen und sich mit Hexe verpaaren, so der Plan. Wie es nun so ist mit den Pl\u00e4nen, ging der nicht auf: Die Beiden fanden sich ja ganz Klasse, haben den ganzen Tag Decken gespielt, aber richtig gemacht haben sie nicht! Immer, wenn Hexe nur leise quietschte, ist er abgestiegen;  wollte ich sie vorne festhalten, ist er gar nicht erst aufgestiegen. Wir sollten die Beiden alleine im Haus lassen\u2026.. nur Ohne Zuschauer bitte!  Gesagt- Getan\u2026.nach einer Stunde habe ich dann mal von drau\u00dfen durch die Fenster geschaut und gesehen, das die Beiden sich bem\u00fchten, aber zu keinem Resultat gekommen waren.<br \/>\nEr hat mit der Unterlippe geklappert, gemacht und getan, aber geworden ist es nichts &#8211; auch nicht im Geheimen!!!!<br \/>\nIch habe ihn dann nach Hause gebracht, meine Freundin und ich waren traurig, aber es n\u00fctzte ja nichts! Nun war es vorbei und helfen durfte ich nicht und normal h\u00e4tten sie es alleine schaffen m\u00fcssen, da sie auch gleich gro\u00df sind!<br \/>\nNun m\u00fcssen wir auf die n\u00e4chste L\u00e4ufigkeit warten &#8211; vielleicht im Januar 2018, da habe ich nun einen erfahrenen R\u00fcden ausgesucht, der schon ein paar Male Vater ist; er deckt frei und auch mit Festhalten! Ja,  so ist das Leben!!! Lach Lach!!<\/p>\n<p>Geschrieben von Ute Ramm<\/p>\n","protected":false},"excerpt":{"rendered":"<p>Hexes Erstes Mal! Hexe ist hoch l\u00e4ufig am 3.8.2017. Es ist der 8.Tag der L\u00e4ufigkeit. Wir hatten einen R\u00fcden f\u00fcr Hexe ausgesucht, der sie im Januar decken sollte, da Hexe sich aber bis Ende Februar Zeit gelassen hat, l\u00e4ufig zu werden, haben wir diesen Plan gecancelt!! Uns ist dieser Termin zu sp\u00e4t f\u00fcr Welpen, wir &hellip; <a href=\"https:\/\/vonderheideducht.de\/?p=2424\" class=\"more-link\"><span class=\"screen-reader-text\">Hexes 1. Mal (August 2017)!<\/span> weiterlesen <span class=\"meta-nav\">&rarr;<\/span><\/a><\/p>\n","protected":false},"author":1,"featured_media":0,"comment_status":"closed","ping_status":"closed","sticky":false,"template":"","format":"standard","meta":{"ngg_post_thumbnail":0,"jetpack_post_was_ever_published":false,"_jetpack_newsletter_access":"","_jetpack_dont_email_post_to_subs":false,"_jetpack_newsletter_tier_id":0,"footnotes":"","jetpack_publicize_message":"","jetpack_publicize_feature_enabled":true,"jetpack_social_post_already_shared":true,"jetpack_social_options":{"image_generator_settings":{"template":"highway","enabled":false}}},"categories":[10],"tags":[],"class_list":["post-2424","post","type-post","status-publish","format-standard","hentry","category-aus-der-heideducht"],"jetpack_publicize_connections":[],"jetpack_featured_media_url":"","jetpack_sharing_enabled":false,"jetpack_shortlink":"https:\/\/wp.me\/p71my5-D6","jetpack_likes_enabled":false,"_links":{"self":[{"href":"https:\/\/vonderheideducht.de\/index.php?rest_route=\/wp\/v2\/posts\/2424","targetHints":{"allow":["GET"]}}],"collection":[{"href":"https:\/\/vonderheideducht.de\/index.php?rest_route=\/wp\/v2\/posts"}],"about":[{"href":"https:\/\/vonderheideducht.de\/index.php?rest_route=\/wp\/v2\/types\/post"}],"author":[{"embeddable":true,"href":"https:\/\/vonderheideducht.de\/index.php?rest_route=\/wp\/v2\/users\/1"}],"replies":[{"embeddable":true,"href":"https:\/\/vonderheideducht.de\/index.php?rest_route=%2Fwp%2Fv2%2Fcomments&post=2424"}],"version-history":[{"count":2,"href":"https:\/\/vonderheideducht.de\/index.php?rest_route=\/wp\/v2\/posts\/2424\/revisions"}],"predecessor-version":[{"id":3995,"href":"https:\/\/vonderheideducht.de\/index.php?rest_route=\/wp\/v2\/posts\/2424\/revisions\/3995"}],"wp:attachment":[{"href":"https:\/\/vonderheideducht.de\/index.php?rest_route=%2Fwp%2Fv2%2Fmedia&parent=2424"}],"wp:term":[{"taxonomy":"category","embeddable":true,"href":"https:\/\/vonderheideducht.de\/index.php?rest_route=%2Fwp%2Fv2%2Fcategories&post=2424"},{"taxonomy":"post_tag","embeddable":true,"href":"https:\/\/vonderheideducht.de\/index.php?rest_route=%2Fwp%2Fv2%2Ftags&post=2424"}],"curies":[{"name":"wp","href":"https:\/\/api.w.org\/{rel}","templated":true}]}}