{"id":256,"date":"2010-11-28T09:16:18","date_gmt":"2010-11-28T08:16:18","guid":{"rendered":"http:\/\/www.heideducht.de\/test\/blog\/?p=256"},"modified":"2015-12-12T09:17:09","modified_gmt":"2015-12-12T08:17:09","slug":"dicksche-und-nena-in-bramsche","status":"publish","type":"post","link":"https:\/\/vonderheideducht.de\/?p=256","title":{"rendered":"Dicksche und Nena in Bramsche"},"content":{"rendered":"<p>Wir haben 2 x V wie Vorz\u00fcglich!!!<br \/>\nNena ist mit starker Konkurrenz an den Start gegangen und ist ganz klasse gelaufen, flott ging es wie ein kleiner Traber durch den Ring!<br \/>\nDie Richter sagten dazu: V!<\/p>\n<p>Dicksche hat &#8222;Diva&#8220; gespielt und hatte gar keine Lust zum Laufen &#8211; und hat erstmal ein Gesicht gezogen. Das Motivationsleckerchen wurde ausgespuckt &#8211; w\u00e4h, ich mag nicht, nicht mal mit Leckerlie?!- hat sie wohl gedacht?! Aufstellen? N\u00f6\u00f6\u00f6\u00f6\u00f6 &#8211; ich setz mich wieder hin! &#8211; sagt Dicksche! Im Ring jedoch ist sie dann doch am Ende noch ganz gut gelaufen. Die Richter sagten dazu: V!<\/p>\n<div class='polaroid-gallery galleryid-256' style='width:340px;'>\n\t\t\t<a href=\"https:\/\/i0.wp.com\/vonderheideducht.de\/wp-content\/uploads\/2015\/12\/28112010_001.jpg?fit=474%2C313&ssl=1\" title=\"Bramsche 2010\" rel=\"polaroid_732973692\" class=\"polaroid-gallery-item showcaption\"><span class=\"polaroid-gallery-image\" title=\"\" style=\"background-image: url(https:\/\/i0.wp.com\/vonderheideducht.de\/wp-content\/uploads\/2015\/12\/28112010_001.jpg?resize=150%2C150&ssl=1); width: 150px; height: 150px;\"><\/span><\/a>\n\t\t\t<a href=\"https:\/\/i0.wp.com\/vonderheideducht.de\/wp-content\/uploads\/2015\/12\/28112010_002.jpg?fit=474%2C313&ssl=1\" title=\"Bramsche 2010\" rel=\"polaroid_732973692\" class=\"polaroid-gallery-item showcaption\"><span class=\"polaroid-gallery-image\" title=\"\" style=\"background-image: url(https:\/\/i0.wp.com\/vonderheideducht.de\/wp-content\/uploads\/2015\/12\/28112010_002.jpg?resize=150%2C150&ssl=1); width: 150px; height: 150px;\"><\/span><\/a>\n\t\t\t<br style=\"clear: both;\" \/>\n\t\t\t<a href=\"https:\/\/i0.wp.com\/vonderheideducht.de\/wp-content\/uploads\/2015\/12\/28112010_003.jpg?fit=474%2C313&ssl=1\" title=\"28112010_003\" rel=\"polaroid_732973692\" class=\"polaroid-gallery-item showcaption\"><span class=\"polaroid-gallery-image\" title=\"\" style=\"background-image: url(https:\/\/i0.wp.com\/vonderheideducht.de\/wp-content\/uploads\/2015\/12\/28112010_003.jpg?resize=150%2C150&ssl=1); width: 150px; height: 150px;\"><\/span><\/a>\n\t\t\t<a href=\"https:\/\/i0.wp.com\/vonderheideducht.de\/wp-content\/uploads\/2015\/12\/28112010_004.jpg?fit=474%2C313&ssl=1\" title=\"Bramsche 2010\" rel=\"polaroid_732973692\" class=\"polaroid-gallery-item showcaption\"><span class=\"polaroid-gallery-image\" title=\"\" style=\"background-image: url(https:\/\/i0.wp.com\/vonderheideducht.de\/wp-content\/uploads\/2015\/12\/28112010_004.jpg?resize=150%2C150&ssl=1); width: 150px; height: 150px;\"><\/span><\/a>\n\t\t\t<br style=\"clear: both;\" \/>\n\t\t\t<a href=\"https:\/\/i0.wp.com\/vonderheideducht.de\/wp-content\/uploads\/2015\/12\/28112010_005.jpg?fit=474%2C313&ssl=1\" title=\"Bramsche 2010\" rel=\"polaroid_732973692\" class=\"polaroid-gallery-item showcaption\"><span class=\"polaroid-gallery-image\" title=\"\" style=\"background-image: url(https:\/\/i0.wp.com\/vonderheideducht.de\/wp-content\/uploads\/2015\/12\/28112010_005.jpg?resize=150%2C150&ssl=1); width: 150px; height: 150px;\"><\/span><\/a>\n\t\t\t<br style=\"clear: both;\" \/><\/div>\n\n","protected":false},"excerpt":{"rendered":"<p>Wir haben 2 x V wie Vorz\u00fcglich!!! Nena ist mit starker Konkurrenz an den Start gegangen und ist ganz klasse gelaufen, flott ging es wie ein kleiner Traber durch den Ring! Die Richter sagten dazu: V! Dicksche hat &#8222;Diva&#8220; gespielt und hatte gar keine Lust zum Laufen &#8211; und hat erstmal ein Gesicht gezogen. Das &hellip; <a href=\"https:\/\/vonderheideducht.de\/?p=256\" class=\"more-link\"><span class=\"screen-reader-text\">Dicksche und Nena in Bramsche<\/span> weiterlesen <span class=\"meta-nav\">&rarr;<\/span><\/a><\/p>\n","protected":false},"author":1,"featured_media":0,"comment_status":"open","ping_status":"closed","sticky":false,"template":"","format":"gallery","meta":{"ngg_post_thumbnail":0,"jetpack_post_was_ever_published":false,"_jetpack_newsletter_access":"","_jetpack_dont_email_post_to_subs":false,"_jetpack_newsletter_tier_id":0,"footnotes":"","jetpack_publicize_message":"","jetpack_publicize_feature_enabled":true,"jetpack_social_post_already_shared":true,"jetpack_social_options":{"image_generator_settings":{"template":"highway","enabled":false}}},"categories":[4],"tags":[],"class_list":["post-256","post","type-post","status-publish","format-gallery","hentry","category-ausstellungsberichte","post_format-post-format-gallery"],"jetpack_publicize_connections":[],"jetpack_featured_media_url":"","jetpack_sharing_enabled":true,"jetpack_shortlink":"https:\/\/wp.me\/p71my5-48","jetpack_likes_enabled":true,"_links":{"self":[{"href":"https:\/\/vonderheideducht.de\/index.php?rest_route=\/wp\/v2\/posts\/256","targetHints":{"allow":["GET"]}}],"collection":[{"href":"https:\/\/vonderheideducht.de\/index.php?rest_route=\/wp\/v2\/posts"}],"about":[{"href":"https:\/\/vonderheideducht.de\/index.php?rest_route=\/wp\/v2\/types\/post"}],"author":[{"embeddable":true,"href":"https:\/\/vonderheideducht.de\/index.php?rest_route=\/wp\/v2\/users\/1"}],"replies":[{"embeddable":true,"href":"https:\/\/vonderheideducht.de\/index.php?rest_route=%2Fwp%2Fv2%2Fcomments&post=256"}],"version-history":[{"count":1,"href":"https:\/\/vonderheideducht.de\/index.php?rest_route=\/wp\/v2\/posts\/256\/revisions"}],"predecessor-version":[{"id":257,"href":"https:\/\/vonderheideducht.de\/index.php?rest_route=\/wp\/v2\/posts\/256\/revisions\/257"}],"wp:attachment":[{"href":"https:\/\/vonderheideducht.de\/index.php?rest_route=%2Fwp%2Fv2%2Fmedia&parent=256"}],"wp:term":[{"taxonomy":"category","embeddable":true,"href":"https:\/\/vonderheideducht.de\/index.php?rest_route=%2Fwp%2Fv2%2Fcategories&post=256"},{"taxonomy":"post_tag","embeddable":true,"href":"https:\/\/vonderheideducht.de\/index.php?rest_route=%2Fwp%2Fv2%2Ftags&post=256"}],"curies":[{"name":"wp","href":"https:\/\/api.w.org\/{rel}","templated":true}]}}