{"id":2708,"date":"2018-03-25T21:42:06","date_gmt":"2018-03-25T19:42:06","guid":{"rendered":"https:\/\/vonderheideducht.de\/blog\/?p=2708"},"modified":"2019-05-21T13:43:52","modified_gmt":"2019-05-21T11:43:52","slug":"hexe-wird-gedeckt-ihr-1-wurf","status":"publish","type":"post","link":"https:\/\/vonderheideducht.de\/?p=2708","title":{"rendered":"Hexe wird gedeckt &#8211; ihr 1. Wurf??"},"content":{"rendered":"<p>Das Decken von Hexe &#8211; zum hoffentlich 1. Wurf!!!<\/p>\n<p>Geschrieben von Ute Ramm<\/p>\n<p>Unsere Hexe legt seit Anfang November Duftmarken;&nbsp; Nena passt genau auf, wo und legt immer ihre Duftmarke dr\u00fcber.<\/p>\n<p>Da ja der erste Deckversuch im Juli (Hexe und der R\u00fcde sollten alleine Babys machen) nicht geklappt hat, habe ich nun einen erfahrenen R\u00fcden ausgesucht.&nbsp; Fan Bi\u00b4 s Elton ( genannt Moritz ) ist ein h\u00fcbscher, netter schwarz-loh R\u00fcde, der auch schon 8 mal Papa wurde.<\/p>\n<p>Ich habe mich mit Moritz Z\u00fcchterin schon im Dezember \u00fcber eine Deckanfrage unterhalten, habe ihr erz\u00e4hlt, dass Hexe von Dezember bis Februar l\u00e4ufig werden kann und ich dann gerne mit ihr zu Moritz kommen w\u00fcrde .&nbsp; Nat\u00fcrlich hat Hexe uns warten lassen und ist erst am 19.2.2018 l\u00e4ufig geworden. Ich habe Petra ( Z\u00fcchterin) angerufen und wir haben den Termin auf den 2. und 3.3. 2018 festgelegt;&nbsp; man haben wir uns gefreut, dass die Babyproduktion nun endlich anl\u00e4uft.<\/p>\n<p>Am Sonntag den 25.2.,&nbsp; f\u00fcnf Tage vorm Termin, ruft Petra an!!!!! Ute &#8211; ich habe leider ganz schlechte Nachrichten\u2026\u2026\u2026<\/p>\n<p>Ich glaube, ich bin ganz blass geworden, ich dachte schon, Moritz ist tod, aber nein. Moritz ist bei einem Spaziergang an der Leine, von einem frei laufenden Sch\u00e4ferhund gebissen worden, er hat sich einfach auf ihn gest\u00fcrzt und hat ohne Grund zugebissen, am Hals sind gro\u00dfe Fellfl\u00e4chen lose gerissen, zum Gl\u00fcck haben die Hundehalter sie z\u00fcgig trennen k\u00f6nnen und Moritz ist sofort zum Tierarzt gebracht worden. Moritz ist gen\u00e4ht worden und hat 4 Drainager\u00f6hrchen und Antibiotika bekommen. Somit f\u00e4llt Moritz als Deckr\u00fcde aus. Und,&nbsp; sagt Petra,&nbsp; hast Du Plan B???&nbsp; Neeeeee &#8211; dieses mal habe ich keinen B Plan, was sollte da auch schief gehen, an so was denkt doch kein Mensch!!!<\/p>\n<p>Petra hat mir dann Henry angeboten,&nbsp; 5 Jahre alt, \u00e4hnliche Abstammung von der m\u00fctterlichen Seite,&nbsp; aber ein ganz ruhiges Loh und hat auch noch nie Gedeckt!!!!&nbsp; Puh. Puh! Erstmal habe ich &#8222;nee&#8220; zu Petra gesagt und wir haben uns verabschiedet.<\/p>\n<p>Ich bin dann erst mal ans Internet und habe mir die Deckr\u00fcden angesehen, die ich sonst schon mal ins Auge gefasst hatte, habe dann meinen Mann noch dazu geholt und wir waren uns mal wieder einig, dass wir die alle so gar nicht gerne leiden m\u00f6gen ( auch wenn sie noch so gute Abstammung haben).&nbsp; Also haben wir uns noch mal den Henry angesehen und vom Augenausdruck und der Kopfform ihn f\u00fcr sehr nett befunden, die Farbe des dunklen Lohs muss er ja nicht unbedingt vererben, und von Hexes Seite kommt ja ein sch\u00f6n klares Loh.&nbsp; Also gesagt getan, ich habe wieder bei Petra Wind angerufen und ihr gesagt, wir haben uns doch nun f\u00fcr Henry entschieden!<\/p>\n<p>Nun musste Henry noch in der selben Woche zur Augenuntersuchung, sonst darf er nicht decken, Petra hat am Donnerstag einen Termin bekommen, zum Gl\u00fcck konnte sie auch ihre Arbeitszeit \u00e4ndern, um alles auf die Reihe zu bekommen. Petra hatte erst noch in Erw\u00e4gung gezogen, mit den beiden Hunden zu einer im Decken erfahrenen Z\u00fcchterin zu fahren, aber dann h\u00e4tte sie noch fast 200 km fahren m\u00fcssen und ich h\u00e4tte \u00fcber die F\u00e4hre Gl\u00fcck-Wisch. (die war das Wochenende wegen Eisschollen au\u00dfer Betrieb) nehmen m\u00fcssen und dann \u00fcber die Landstra\u00dfe kutschern und das auf einem Freitag. Nee hab ich gesagt, bei dem Gedanken habe ich kein gutes Bauchgef\u00fchl, das ist f\u00fcr uns und auch f\u00fcr die Hunde zu stressig!! Ich fahre nach Halle in mein Hotel, gehe noch ganz in Ruhe mit den beiden M\u00e4dels spazieren,&nbsp; dann ruhen wir noch ein wenig und dann fahren wir zum Decken zu Petra. Gesagt getan, &nbsp; um 15 Uhr war ich bei Petra zum Kaffee und wir haben noch gekl\u00f6nt, wir haben dann Hexe schon mal in den Garten gelassen, damit sie f\u00fcr den Kerl schon mal Duftmarken legen kann.<\/p>\n<p>Dann kam Henry mit seinem Herrchen, hemmm was riecht hier denn so gut\u2026. Ah ein h\u00fcbsches schwarzes M\u00e4del!!!! Klasse und wie nett sie ist !!! Spielt mit mir und h\u00e4lt mir immer ihr Hinterteil ins Gesicht\u2026 oh und Batsch&nbsp; hat sie mir eins mit der Pfote verpasst, aber nicht doll, nur so zum Spielen, ich finde sie Klasse, mal sehen, ob sie mich aufsteigen l\u00e4sst, ja nun muss ich nur noch Treffen\u2026..<\/p>\n<p>hee was soll das denn nun, Herrchen, warum sollen wir ins Haus??? Ach so Euch ist es zu kalt , bei minus 11 Grad drau\u00dfen rumzustehen. Im warmen Trimmraum war Henry erst ein bisschen sch\u00fcchtern, aber Herrchen hat ihm gezeigt, er darf auch hier auf Hexe steigen und bald hatte Henry mit etwas Hilfe von uns Erfolg!<\/p>\n<p>Sie haben eine \u00bc Stunde gehangen und wir waren alle ganz stolz, dass wir mit Ruhe und Geduld Henry zum Erfolg gef\u00fchrt hatten. Wir haben dann noch ein paar sch\u00f6ne Fotos von den Beiden gemacht, haben uns am n\u00e4chsten Morgen noch mal getroffen, damit Henry noch mal nachlegen konnte. Um 11 Uhr habe ich mich dann verabschiedet und bin nach Hause gefahren.<\/p>\n<p>Nun hei\u00dft es abwarten!!! Heute haben wir den 19. Tag der eventuellen Tr\u00e4chtigkeit.&nbsp;&nbsp; Hexe ist sehr schmusig und seit 2 Tagen kommt sie Mittags an den Tisch und bettelt nach Futter!!!!! Das sind schon gute Anzeichen\u2026.aber man wei\u00df es nie&#8230;am 29.3. werden wir einen Ultraschall machen, das ist der 28. Tag und dann werden wir es wissen.<\/p>\n<p>Dr\u00fcckt mal alle bitte flei\u00dfg&nbsp; die Daumen!!!<\/p>\n<p>Ute Ramm<\/p>\n","protected":false},"excerpt":{"rendered":"<p>Das Decken von Hexe &#8211; zum hoffentlich 1. Wurf!!! Geschrieben von Ute Ramm Unsere Hexe legt seit Anfang November Duftmarken;&nbsp; Nena passt genau auf, wo und legt immer ihre Duftmarke dr\u00fcber. Da ja der erste Deckversuch im Juli (Hexe und der R\u00fcde sollten alleine Babys machen) nicht geklappt hat, habe ich nun einen erfahrenen R\u00fcden &hellip; <a href=\"https:\/\/vonderheideducht.de\/?p=2708\" class=\"more-link\"><span class=\"screen-reader-text\">Hexe wird gedeckt &#8211; ihr 1. Wurf??<\/span> weiterlesen <span class=\"meta-nav\">&rarr;<\/span><\/a><\/p>\n","protected":false},"author":1,"featured_media":0,"comment_status":"closed","ping_status":"closed","sticky":false,"template":"","format":"standard","meta":{"ngg_post_thumbnail":0,"jetpack_post_was_ever_published":false,"_jetpack_newsletter_access":"","_jetpack_dont_email_post_to_subs":true,"_jetpack_newsletter_tier_id":0,"footnotes":"","jetpack_publicize_message":"","jetpack_publicize_feature_enabled":true,"jetpack_social_post_already_shared":true,"jetpack_social_options":{"image_generator_settings":{"template":"highway","enabled":false}}},"categories":[10,16],"tags":[],"class_list":["post-2708","post","type-post","status-publish","format-standard","hentry","category-aus-der-heideducht","category-welpentagebuch-j-wurf"],"jetpack_publicize_connections":[],"jetpack_featured_media_url":"","jetpack_sharing_enabled":false,"jetpack_shortlink":"https:\/\/wp.me\/p71my5-HG","jetpack_likes_enabled":false,"_links":{"self":[{"href":"https:\/\/vonderheideducht.de\/index.php?rest_route=\/wp\/v2\/posts\/2708","targetHints":{"allow":["GET"]}}],"collection":[{"href":"https:\/\/vonderheideducht.de\/index.php?rest_route=\/wp\/v2\/posts"}],"about":[{"href":"https:\/\/vonderheideducht.de\/index.php?rest_route=\/wp\/v2\/types\/post"}],"author":[{"embeddable":true,"href":"https:\/\/vonderheideducht.de\/index.php?rest_route=\/wp\/v2\/users\/1"}],"replies":[{"embeddable":true,"href":"https:\/\/vonderheideducht.de\/index.php?rest_route=%2Fwp%2Fv2%2Fcomments&post=2708"}],"version-history":[{"count":4,"href":"https:\/\/vonderheideducht.de\/index.php?rest_route=\/wp\/v2\/posts\/2708\/revisions"}],"predecessor-version":[{"id":3990,"href":"https:\/\/vonderheideducht.de\/index.php?rest_route=\/wp\/v2\/posts\/2708\/revisions\/3990"}],"wp:attachment":[{"href":"https:\/\/vonderheideducht.de\/index.php?rest_route=%2Fwp%2Fv2%2Fmedia&parent=2708"}],"wp:term":[{"taxonomy":"category","embeddable":true,"href":"https:\/\/vonderheideducht.de\/index.php?rest_route=%2Fwp%2Fv2%2Fcategories&post=2708"},{"taxonomy":"post_tag","embeddable":true,"href":"https:\/\/vonderheideducht.de\/index.php?rest_route=%2Fwp%2Fv2%2Ftags&post=2708"}],"curies":[{"name":"wp","href":"https:\/\/api.w.org\/{rel}","templated":true}]}}