{"id":2714,"date":"2018-03-29T11:59:44","date_gmt":"2018-03-29T09:59:44","guid":{"rendered":"https:\/\/vonderheideducht.de\/blog\/?p=2714"},"modified":"2018-03-29T11:59:44","modified_gmt":"2018-03-29T09:59:44","slug":"ostereier-in-der-heideducht","status":"publish","type":"post","link":"https:\/\/vonderheideducht.de\/?p=2714","title":{"rendered":"Ostereier in der Heideducht!"},"content":{"rendered":"<p>Ihr Lieben!<\/p>\n<p>Wir haben bereits Ostern, denn:<\/p>\n<p>4 bis 6 Ostereier sind hier schon sozusagen fast gelandet!!!!<\/p>\n<p>Wir verk\u00fcnden stolz und gl\u00fccklich:<\/p>\n<p>Hexe ist tr\u00e4chtig, mit 4 bis 6 Welpen!<\/p>\n<p>Wir erwarten somit zum 04. bis 05. Mai 2018 Nachwuchs in der Heideducht, in den Farben schwarz, rot und black-and-tan!<\/p>\n<figure id=\"attachment_2459\" aria-describedby=\"caption-attachment-2459\" style=\"width: 600px\" class=\"wp-caption alignnone\"><img loading=\"lazy\" decoding=\"async\" class=\"wp-image-2459 size-full\" src=\"https:\/\/i0.wp.com\/vonderheideducht.de\/blog\/wp-content\/uploads\/2018\/03\/decken06.jpg?resize=474%2C313&#038;ssl=1\" alt=\"\" width=\"474\" height=\"313\" srcset=\"https:\/\/i0.wp.com\/vonderheideducht.de\/wp-content\/uploads\/2018\/03\/decken06.jpg?w=600&amp;ssl=1 600w, https:\/\/i0.wp.com\/vonderheideducht.de\/wp-content\/uploads\/2018\/03\/decken06.jpg?resize=300%2C198&amp;ssl=1 300w\" sizes=\"auto, (max-width: 474px) 100vw, 474px\" data-recalc-dims=\"1\" \/><figcaption id=\"caption-attachment-2459\" class=\"wp-caption-text\">Wir werden Eltern!<\/figcaption><\/figure>\n<p>Wir freuen uns sehr und w\u00fcnschen<\/p>\n<p>FROHE OSTERN!<\/p>\n","protected":false},"excerpt":{"rendered":"<p>Ihr Lieben! Wir haben bereits Ostern, denn: 4 bis 6 Ostereier sind hier schon sozusagen fast gelandet!!!! Wir verk\u00fcnden stolz und gl\u00fccklich: Hexe ist tr\u00e4chtig, mit 4 bis 6 Welpen! Wir erwarten somit zum 04. bis 05. Mai 2018 Nachwuchs in der Heideducht, in den Farben schwarz, rot und black-and-tan! Wir freuen uns sehr und &hellip; <a href=\"https:\/\/vonderheideducht.de\/?p=2714\" class=\"more-link\"><span class=\"screen-reader-text\">Ostereier in der Heideducht!<\/span> weiterlesen <span class=\"meta-nav\">&rarr;<\/span><\/a><\/p>\n","protected":false},"author":1,"featured_media":0,"comment_status":"open","ping_status":"closed","sticky":false,"template":"","format":"standard","meta":{"ngg_post_thumbnail":0,"jetpack_post_was_ever_published":false,"_jetpack_newsletter_access":"","_jetpack_dont_email_post_to_subs":false,"_jetpack_newsletter_tier_id":0,"footnotes":"","jetpack_publicize_message":"","jetpack_publicize_feature_enabled":true,"jetpack_social_post_already_shared":true,"jetpack_social_options":{"image_generator_settings":{"template":"highway","enabled":false}}},"categories":[10,16],"tags":[],"class_list":["post-2714","post","type-post","status-publish","format-standard","hentry","category-aus-der-heideducht","category-welpentagebuch-j-wurf"],"jetpack_publicize_connections":[],"jetpack_featured_media_url":"","jetpack_sharing_enabled":true,"jetpack_shortlink":"https:\/\/wp.me\/p71my5-HM","jetpack_likes_enabled":true,"_links":{"self":[{"href":"https:\/\/vonderheideducht.de\/index.php?rest_route=\/wp\/v2\/posts\/2714","targetHints":{"allow":["GET"]}}],"collection":[{"href":"https:\/\/vonderheideducht.de\/index.php?rest_route=\/wp\/v2\/posts"}],"about":[{"href":"https:\/\/vonderheideducht.de\/index.php?rest_route=\/wp\/v2\/types\/post"}],"author":[{"embeddable":true,"href":"https:\/\/vonderheideducht.de\/index.php?rest_route=\/wp\/v2\/users\/1"}],"replies":[{"embeddable":true,"href":"https:\/\/vonderheideducht.de\/index.php?rest_route=%2Fwp%2Fv2%2Fcomments&post=2714"}],"version-history":[{"count":1,"href":"https:\/\/vonderheideducht.de\/index.php?rest_route=\/wp\/v2\/posts\/2714\/revisions"}],"predecessor-version":[{"id":2715,"href":"https:\/\/vonderheideducht.de\/index.php?rest_route=\/wp\/v2\/posts\/2714\/revisions\/2715"}],"wp:attachment":[{"href":"https:\/\/vonderheideducht.de\/index.php?rest_route=%2Fwp%2Fv2%2Fmedia&parent=2714"}],"wp:term":[{"taxonomy":"category","embeddable":true,"href":"https:\/\/vonderheideducht.de\/index.php?rest_route=%2Fwp%2Fv2%2Fcategories&post=2714"},{"taxonomy":"post_tag","embeddable":true,"href":"https:\/\/vonderheideducht.de\/index.php?rest_route=%2Fwp%2Fv2%2Ftags&post=2714"}],"curies":[{"name":"wp","href":"https:\/\/api.w.org\/{rel}","templated":true}]}}