{"id":2793,"date":"2018-04-25T20:19:13","date_gmt":"2018-04-25T18:19:13","guid":{"rendered":"https:\/\/vonderheideducht.de\/blog\/?p=2793"},"modified":"2019-05-21T13:56:40","modified_gmt":"2019-05-21T11:56:40","slug":"gruesse-aus-dem-daenemark-wochenende","status":"publish","type":"post","link":"https:\/\/vonderheideducht.de\/?p=2793","title":{"rendered":"Gr\u00fc\u00dfe aus dem D\u00e4nemark-Wochenende"},"content":{"rendered":"<p>Wir waren noch schnell, bevor es bei uns turbulent wird mit den Hundebabies, \u00fcbers Wochenende in D\u00e4nemark!<\/p>\n<p>Ein paar kleine Fotos haben wir Euch mitgebracht und auch ein paar Videos.<\/p>\n<p>Hexe hat nochmal kr\u00e4ftig zugenommen, ganze 500 Gramm mehr als beim letzten Wiegen. Insgesamt sind es nun schon 3,1 Kilo plus!!!<\/p>\n<p><img loading=\"lazy\" decoding=\"async\" class=\"alignnone size-full wp-image-2794\" src=\"https:\/\/i0.wp.com\/vonderheideducht.de\/blog\/wp-content\/uploads\/2018\/04\/daenemark1.jpg?resize=474%2C313&#038;ssl=1\" alt=\"\" width=\"474\" height=\"313\" srcset=\"https:\/\/i0.wp.com\/vonderheideducht.de\/wp-content\/uploads\/2018\/04\/daenemark1.jpg?w=600&amp;ssl=1 600w, https:\/\/i0.wp.com\/vonderheideducht.de\/wp-content\/uploads\/2018\/04\/daenemark1.jpg?resize=300%2C198&amp;ssl=1 300w\" sizes=\"auto, (max-width: 474px) 100vw, 474px\" data-recalc-dims=\"1\" \/><\/p>\n<p><img loading=\"lazy\" decoding=\"async\" class=\"alignnone size-full wp-image-2795\" src=\"https:\/\/i0.wp.com\/vonderheideducht.de\/blog\/wp-content\/uploads\/2018\/04\/daenemark2.jpg?resize=400%2C600&#038;ssl=1\" alt=\"\" width=\"400\" height=\"600\" srcset=\"https:\/\/i0.wp.com\/vonderheideducht.de\/wp-content\/uploads\/2018\/04\/daenemark2.jpg?w=400&amp;ssl=1 400w, https:\/\/i0.wp.com\/vonderheideducht.de\/wp-content\/uploads\/2018\/04\/daenemark2.jpg?resize=200%2C300&amp;ssl=1 200w\" sizes=\"auto, (max-width: 400px) 100vw, 400px\" data-recalc-dims=\"1\" \/><\/p>\n<p><img loading=\"lazy\" decoding=\"async\" class=\"alignnone size-full wp-image-2796\" src=\"https:\/\/i0.wp.com\/vonderheideducht.de\/blog\/wp-content\/uploads\/2018\/04\/daenemark3.jpg?resize=400%2C600&#038;ssl=1\" alt=\"\" width=\"400\" height=\"600\" srcset=\"https:\/\/i0.wp.com\/vonderheideducht.de\/wp-content\/uploads\/2018\/04\/daenemark3.jpg?w=400&amp;ssl=1 400w, https:\/\/i0.wp.com\/vonderheideducht.de\/wp-content\/uploads\/2018\/04\/daenemark3.jpg?resize=200%2C300&amp;ssl=1 200w\" sizes=\"auto, (max-width: 400px) 100vw, 400px\" data-recalc-dims=\"1\" \/><\/p>\n<p><img loading=\"lazy\" decoding=\"async\" class=\"alignnone size-full wp-image-2797\" src=\"https:\/\/i0.wp.com\/vonderheideducht.de\/blog\/wp-content\/uploads\/2018\/04\/daenemark4.jpg?resize=400%2C600&#038;ssl=1\" alt=\"\" width=\"400\" height=\"600\" srcset=\"https:\/\/i0.wp.com\/vonderheideducht.de\/wp-content\/uploads\/2018\/04\/daenemark4.jpg?w=400&amp;ssl=1 400w, https:\/\/i0.wp.com\/vonderheideducht.de\/wp-content\/uploads\/2018\/04\/daenemark4.jpg?resize=200%2C300&amp;ssl=1 200w\" sizes=\"auto, (max-width: 400px) 100vw, 400px\" data-recalc-dims=\"1\" \/><\/p>\n<p><img loading=\"lazy\" decoding=\"async\" class=\"alignnone size-full wp-image-2798\" src=\"https:\/\/i0.wp.com\/vonderheideducht.de\/blog\/wp-content\/uploads\/2018\/04\/daenemark5.jpg?resize=400%2C600&#038;ssl=1\" alt=\"\" width=\"400\" height=\"600\" srcset=\"https:\/\/i0.wp.com\/vonderheideducht.de\/wp-content\/uploads\/2018\/04\/daenemark5.jpg?w=400&amp;ssl=1 400w, https:\/\/i0.wp.com\/vonderheideducht.de\/wp-content\/uploads\/2018\/04\/daenemark5.jpg?resize=200%2C300&amp;ssl=1 200w\" sizes=\"auto, (max-width: 400px) 100vw, 400px\" data-recalc-dims=\"1\" \/><\/p>\n<div class=\"wp-playlist wp-video-playlist wp-playlist-light\">\n\t\t<video controls=\"controls\" preload=\"none\" width=\"452\"\n\t\t height=\"254\"\t><\/video>\n\t<div class=\"wp-playlist-next\"><\/div>\n\t<div class=\"wp-playlist-prev\"><\/div>\n\t<noscript>\n\t<ol>\n\t\t<li><a href='https:\/\/vonderheideducht.de\/wp-content\/uploads\/2018\/04\/daenemark18_1.mp4'>D\u00e4nemarkurlaub 2018 - 1<\/a><\/li><li><a href='https:\/\/vonderheideducht.de\/wp-content\/uploads\/2018\/04\/daenemark18_2.mp4'>D\u00e4nemarkurlaub 2018 - 2<\/a><\/li><li><a href='https:\/\/vonderheideducht.de\/wp-content\/uploads\/2018\/04\/daenemark18_3.mp4'>D\u00e4nemarkurlaub 2018 - 3<\/a><\/li>\t<\/ol>\n\t<\/noscript>\n\t<script type=\"application\/json\" class=\"wp-playlist-script\">{\"type\":\"video\",\"tracklist\":true,\"tracknumbers\":true,\"images\":true,\"artists\":true,\"tracks\":[{\"src\":\"https:\/\/vonderheideducht.de\/wp-content\/uploads\/2018\/04\/daenemark18_1.mp4\",\"type\":\"video\/mp4\",\"title\":\"D\\u00e4nemarkurlaub 2018 - 1\",\"caption\":\"\",\"description\":\"\",\"meta\":{\"length_formatted\":\"0:13\"},\"dimensions\":{\"original\":{\"width\":1920,\"height\":1080},\"resized\":{\"width\":452,\"height\":254}},\"image\":{\"src\":\"https:\/\/vonderheideducht.de\/wp-includes\/images\/media\/video.svg\",\"width\":48,\"height\":64},\"thumb\":{\"src\":\"https:\/\/vonderheideducht.de\/wp-includes\/images\/media\/video.svg\",\"width\":48,\"height\":64}},{\"src\":\"https:\/\/vonderheideducht.de\/wp-content\/uploads\/2018\/04\/daenemark18_2.mp4\",\"type\":\"video\/mp4\",\"title\":\"D\\u00e4nemarkurlaub 2018 - 2\",\"caption\":\"\",\"description\":\"\",\"meta\":{\"length_formatted\":\"0:22\"},\"dimensions\":{\"original\":{\"width\":1920,\"height\":1080},\"resized\":{\"width\":452,\"height\":254}},\"image\":{\"src\":\"https:\/\/vonderheideducht.de\/wp-includes\/images\/media\/video.svg\",\"width\":48,\"height\":64},\"thumb\":{\"src\":\"https:\/\/vonderheideducht.de\/wp-includes\/images\/media\/video.svg\",\"width\":48,\"height\":64}},{\"src\":\"https:\/\/vonderheideducht.de\/wp-content\/uploads\/2018\/04\/daenemark18_3.mp4\",\"type\":\"video\/mp4\",\"title\":\"D\\u00e4nemarkurlaub 2018 - 3\",\"caption\":\"\",\"description\":\"\",\"meta\":{\"length_formatted\":\"0:23\"},\"dimensions\":{\"original\":{\"width\":1920,\"height\":1080},\"resized\":{\"width\":452,\"height\":254}},\"image\":{\"src\":\"https:\/\/vonderheideducht.de\/wp-includes\/images\/media\/video.svg\",\"width\":48,\"height\":64},\"thumb\":{\"src\":\"https:\/\/vonderheideducht.de\/wp-includes\/images\/media\/video.svg\",\"width\":48,\"height\":64}}]}<\/script>\n<\/div>\n\t\n","protected":false},"excerpt":{"rendered":"<p>Wir waren noch schnell, bevor es bei uns turbulent wird mit den Hundebabies, \u00fcbers Wochenende in D\u00e4nemark! Ein paar kleine Fotos haben wir Euch mitgebracht und auch ein paar Videos. Hexe hat nochmal kr\u00e4ftig zugenommen, ganze 500 Gramm mehr als beim letzten Wiegen. Insgesamt sind es nun schon 3,1 Kilo plus!!!<\/p>\n","protected":false},"author":1,"featured_media":0,"comment_status":"closed","ping_status":"closed","sticky":false,"template":"","format":"standard","meta":{"ngg_post_thumbnail":0,"jetpack_post_was_ever_published":false,"_jetpack_newsletter_access":"","_jetpack_dont_email_post_to_subs":true,"_jetpack_newsletter_tier_id":0,"footnotes":"","jetpack_publicize_message":"","jetpack_publicize_feature_enabled":true,"jetpack_social_post_already_shared":true,"jetpack_social_options":{"image_generator_settings":{"template":"highway","enabled":false}}},"categories":[10,16],"tags":[],"class_list":["post-2793","post","type-post","status-publish","format-standard","hentry","category-aus-der-heideducht","category-welpentagebuch-j-wurf"],"jetpack_publicize_connections":[],"jetpack_featured_media_url":"","jetpack_sharing_enabled":false,"jetpack_shortlink":"https:\/\/wp.me\/p71my5-J3","jetpack_likes_enabled":false,"_links":{"self":[{"href":"https:\/\/vonderheideducht.de\/index.php?rest_route=\/wp\/v2\/posts\/2793","targetHints":{"allow":["GET"]}}],"collection":[{"href":"https:\/\/vonderheideducht.de\/index.php?rest_route=\/wp\/v2\/posts"}],"about":[{"href":"https:\/\/vonderheideducht.de\/index.php?rest_route=\/wp\/v2\/types\/post"}],"author":[{"embeddable":true,"href":"https:\/\/vonderheideducht.de\/index.php?rest_route=\/wp\/v2\/users\/1"}],"replies":[{"embeddable":true,"href":"https:\/\/vonderheideducht.de\/index.php?rest_route=%2Fwp%2Fv2%2Fcomments&post=2793"}],"version-history":[{"count":3,"href":"https:\/\/vonderheideducht.de\/index.php?rest_route=\/wp\/v2\/posts\/2793\/revisions"}],"predecessor-version":[{"id":4004,"href":"https:\/\/vonderheideducht.de\/index.php?rest_route=\/wp\/v2\/posts\/2793\/revisions\/4004"}],"wp:attachment":[{"href":"https:\/\/vonderheideducht.de\/index.php?rest_route=%2Fwp%2Fv2%2Fmedia&parent=2793"}],"wp:term":[{"taxonomy":"category","embeddable":true,"href":"https:\/\/vonderheideducht.de\/index.php?rest_route=%2Fwp%2Fv2%2Fcategories&post=2793"},{"taxonomy":"post_tag","embeddable":true,"href":"https:\/\/vonderheideducht.de\/index.php?rest_route=%2Fwp%2Fv2%2Ftags&post=2793"}],"curies":[{"name":"wp","href":"https:\/\/api.w.org\/{rel}","templated":true}]}}