{"id":2806,"date":"2018-05-05T05:11:02","date_gmt":"2018-05-05T03:11:02","guid":{"rendered":"https:\/\/vonderheideducht.de\/blog\/?p=2806"},"modified":"2018-05-09T13:02:43","modified_gmt":"2018-05-09T11:02:43","slug":"die-welpen-sind-da","status":"publish","type":"post","link":"https:\/\/vonderheideducht.de\/?p=2806","title":{"rendered":"Die Welpen sind da!!!!!!!!!!"},"content":{"rendered":"<p>Hexes Welpen sind da!!!<\/p>\n<p>Es sind 3 schwarze M\u00e4dels, 1 Rotes M\u00e4del, 1 Schwarz-loh M\u00e4del und ein schwarzer R\u00fcde, also 6 s\u00fcsse kleine Fellnasen!<\/p>\n<p>Die erste Maus kam um 20.08 Uhr am 04.05.18. &#8211;\u00a0 das rote M\u00e4dchen!<\/p>\n<p>Ein schwarzes M\u00e4dchen wog bei Geburt 280 Gramm, alle anderen sind \u00fcber 300 Gramm, H\u00f6chstgewicht lag bei 320 Gramm!<\/p>\n<p>Der schwarze R\u00fcde hat hinten an der Rute ein ganz bischen loh. Ein schwarzes M\u00e4dchen hat an der Brust wei\u00df und auch an der Rute, die Spitze ist wei\u00df.<\/p>\n<p>Hexe geht es prima, sie ist wochenbettbedingt aber etwas zickig und schnappt auch schon mal ein bischen; das ist die n\u00e4chsten zwei Wochen aber ganz normal!<\/p>\n<p>Ab dem 3. Welpen hat sie w\u00e4hrend der Geburt beim Abnabeln mitgeholfen und hat heute morgen bei Ute gelernt, die Welpenpopos zu s\u00e4ubern. Sie hat mehr als genug Milch f\u00fcr alle!<\/p>\n<p><strong>Fest vergeben sind bereits die beiden M\u00e4dels in rot und black-and-tan und die schwarze H\u00fcndin mit wei\u00df an Brust und Rute!<\/strong><\/p>\n<ul>\n<li><span style=\"color: #ff0000;\">rotes Halsband<\/span> H\u00fcndin Black-and-tan <em>Julina vergeben<\/em><\/li>\n<li><span style=\"color: #ff00ff;\">hellrot mit pink<\/span> Halsband H\u00fcndin rot <em>Luna vergeben<\/em><\/li>\n<li><span style=\"color: #ff99cc;\">w<\/span><strong><span style=\"color: #ff99cc;\">eis-rosa<\/span> Halsband H\u00fcndin schwarz Jasna noch zu haben<\/strong><\/li>\n<li><span style=\"color: #ffcc00;\">gelbes<\/span> Halsband H\u00fcndin schwarz mit ein wenig wei\u00df an Brust und Rute <em>Josy-Susi vergeben<\/em>,<\/li>\n<li><strong><span style=\"color: #ff6600;\">oranges<\/span> Halsband H\u00fcndin schwarz Jelda noch zu haben<\/strong><\/li>\n<li><strong><span style=\"color: #0000ff;\">blaues<\/span> Halsband R\u00fcde schwarz Jasper noch zu haben<\/strong><\/li>\n<\/ul>\n<figure id=\"attachment_2815\" aria-describedby=\"caption-attachment-2815\" style=\"width: 600px\" class=\"wp-caption alignnone\"><img loading=\"lazy\" decoding=\"async\" class=\"size-full wp-image-2815\" src=\"https:\/\/i0.wp.com\/vonderheideducht.de\/blog\/wp-content\/uploads\/2018\/05\/jwurf.jpg?resize=474%2C313&#038;ssl=1\" alt=\"\" width=\"474\" height=\"313\" srcset=\"https:\/\/i0.wp.com\/vonderheideducht.de\/wp-content\/uploads\/2018\/05\/jwurf.jpg?w=600&amp;ssl=1 600w, https:\/\/i0.wp.com\/vonderheideducht.de\/wp-content\/uploads\/2018\/05\/jwurf.jpg?resize=300%2C198&amp;ssl=1 300w\" sizes=\"auto, (max-width: 474px) 100vw, 474px\" data-recalc-dims=\"1\" \/><figcaption id=\"caption-attachment-2815\" class=\"wp-caption-text\">die Milchbar<\/figcaption><\/figure>\n<p><img loading=\"lazy\" decoding=\"async\" class=\"alignnone size-full wp-image-2819\" src=\"https:\/\/i0.wp.com\/vonderheideducht.de\/blog\/wp-content\/uploads\/2018\/05\/jwurf-004.jpg?resize=474%2C313&#038;ssl=1\" alt=\"\" width=\"474\" height=\"313\" srcset=\"https:\/\/i0.wp.com\/vonderheideducht.de\/wp-content\/uploads\/2018\/05\/jwurf-004.jpg?w=600&amp;ssl=1 600w, https:\/\/i0.wp.com\/vonderheideducht.de\/wp-content\/uploads\/2018\/05\/jwurf-004.jpg?resize=300%2C198&amp;ssl=1 300w\" sizes=\"auto, (max-width: 474px) 100vw, 474px\" data-recalc-dims=\"1\" \/><\/p>\n<p><img loading=\"lazy\" decoding=\"async\" class=\"alignnone size-full wp-image-2818\" src=\"https:\/\/i0.wp.com\/vonderheideducht.de\/blog\/wp-content\/uploads\/2018\/05\/jwurf-003.jpg?resize=474%2C313&#038;ssl=1\" alt=\"\" width=\"474\" height=\"313\" srcset=\"https:\/\/i0.wp.com\/vonderheideducht.de\/wp-content\/uploads\/2018\/05\/jwurf-003.jpg?w=600&amp;ssl=1 600w, https:\/\/i0.wp.com\/vonderheideducht.de\/wp-content\/uploads\/2018\/05\/jwurf-003.jpg?resize=300%2C198&amp;ssl=1 300w\" sizes=\"auto, (max-width: 474px) 100vw, 474px\" data-recalc-dims=\"1\" \/><\/p>\n<p><img loading=\"lazy\" decoding=\"async\" class=\"alignnone size-full wp-image-2817\" src=\"https:\/\/i0.wp.com\/vonderheideducht.de\/blog\/wp-content\/uploads\/2018\/05\/jwurf-002.jpg?resize=474%2C313&#038;ssl=1\" alt=\"\" width=\"474\" height=\"313\" srcset=\"https:\/\/i0.wp.com\/vonderheideducht.de\/wp-content\/uploads\/2018\/05\/jwurf-002.jpg?w=600&amp;ssl=1 600w, https:\/\/i0.wp.com\/vonderheideducht.de\/wp-content\/uploads\/2018\/05\/jwurf-002.jpg?resize=300%2C198&amp;ssl=1 300w\" sizes=\"auto, (max-width: 474px) 100vw, 474px\" data-recalc-dims=\"1\" \/><\/p>\n<p><img loading=\"lazy\" decoding=\"async\" class=\"alignnone size-full wp-image-2816\" src=\"https:\/\/i0.wp.com\/vonderheideducht.de\/blog\/wp-content\/uploads\/2018\/05\/jwurf-001.jpg?resize=474%2C313&#038;ssl=1\" alt=\"\" width=\"474\" height=\"313\" srcset=\"https:\/\/i0.wp.com\/vonderheideducht.de\/wp-content\/uploads\/2018\/05\/jwurf-001.jpg?w=600&amp;ssl=1 600w, https:\/\/i0.wp.com\/vonderheideducht.de\/wp-content\/uploads\/2018\/05\/jwurf-001.jpg?resize=300%2C198&amp;ssl=1 300w\" sizes=\"auto, (max-width: 474px) 100vw, 474px\" data-recalc-dims=\"1\" \/><\/p>\n<p>die ersten Videos ( Das Laden kann ein bischen dauern &#8211; bitte warten!):<\/p>\n<div class=\"wp-playlist wp-video-playlist wp-playlist-light\">\n\t\t<video controls=\"controls\" preload=\"none\" width=\"452\"\n\t\t height=\"254\"\t><\/video>\n\t<div class=\"wp-playlist-next\"><\/div>\n\t<div class=\"wp-playlist-prev\"><\/div>\n\t<noscript>\n\t<ol>\n\t\t<li><a href='https:\/\/vonderheideducht.de\/wp-content\/uploads\/2018\/05\/erstertag_02.MP4'>W\u00e4hrend der Geburt - kleine Pause<\/a><\/li><li><a href='https:\/\/vonderheideducht.de\/wp-content\/uploads\/2018\/05\/erstertag_01.mp4'>Erster Tag - in der Wurfkiste 1<\/a><\/li>\t<\/ol>\n\t<\/noscript>\n\t<script type=\"application\/json\" class=\"wp-playlist-script\">{\"type\":\"video\",\"tracklist\":true,\"tracknumbers\":true,\"images\":true,\"artists\":true,\"tracks\":[{\"src\":\"https:\/\/vonderheideducht.de\/wp-content\/uploads\/2018\/05\/erstertag_02.MP4\",\"type\":\"video\/mp4\",\"title\":\"W\\u00e4hrend der Geburt - kleine Pause\",\"caption\":\"W\\u00e4hrend der Geburt - kleine Pause\",\"description\":\"\",\"meta\":{\"length_formatted\":\"2:01\"},\"dimensions\":{\"original\":{\"width\":1280,\"height\":720},\"resized\":{\"width\":452,\"height\":254}},\"image\":{\"src\":\"https:\/\/vonderheideducht.de\/wp-includes\/images\/media\/video.svg\",\"width\":48,\"height\":64},\"thumb\":{\"src\":\"https:\/\/vonderheideducht.de\/wp-includes\/images\/media\/video.svg\",\"width\":48,\"height\":64}},{\"src\":\"https:\/\/vonderheideducht.de\/wp-content\/uploads\/2018\/05\/erstertag_01.mp4\",\"type\":\"video\/mp4\",\"title\":\"Erster Tag - in der Wurfkiste 1\",\"caption\":\"Erster Tag - in der Wurfkiste 1\",\"description\":\"\",\"meta\":{\"length_formatted\":\"0:55\"},\"dimensions\":{\"original\":{\"width\":1280,\"height\":720},\"resized\":{\"width\":452,\"height\":254}},\"image\":{\"src\":\"https:\/\/vonderheideducht.de\/wp-includes\/images\/media\/video.svg\",\"width\":48,\"height\":64},\"thumb\":{\"src\":\"https:\/\/vonderheideducht.de\/wp-includes\/images\/media\/video.svg\",\"width\":48,\"height\":64}}]}<\/script>\n<\/div>\n\t\n<p>&nbsp;<\/p>\n<p>&nbsp;<\/p>\n<p>&nbsp;<\/p>\n","protected":false},"excerpt":{"rendered":"<p>Hexes Welpen sind da!!! Es sind 3 schwarze M\u00e4dels, 1 Rotes M\u00e4del, 1 Schwarz-loh M\u00e4del und ein schwarzer R\u00fcde, also 6 s\u00fcsse kleine Fellnasen! Die erste Maus kam um 20.08 Uhr am 04.05.18. &#8211;\u00a0 das rote M\u00e4dchen! Ein schwarzes M\u00e4dchen wog bei Geburt 280 Gramm, alle anderen sind \u00fcber 300 Gramm, H\u00f6chstgewicht lag bei 320 &hellip; <a href=\"https:\/\/vonderheideducht.de\/?p=2806\" class=\"more-link\"><span class=\"screen-reader-text\">Die Welpen sind da!!!!!!!!!!<\/span> weiterlesen <span class=\"meta-nav\">&rarr;<\/span><\/a><\/p>\n","protected":false},"author":1,"featured_media":0,"comment_status":"open","ping_status":"closed","sticky":false,"template":"","format":"standard","meta":{"ngg_post_thumbnail":0,"jetpack_post_was_ever_published":false,"_jetpack_newsletter_access":"","_jetpack_dont_email_post_to_subs":true,"_jetpack_newsletter_tier_id":0,"footnotes":"","jetpack_publicize_message":"","jetpack_publicize_feature_enabled":true,"jetpack_social_post_already_shared":true,"jetpack_social_options":{"image_generator_settings":{"template":"highway","enabled":false}}},"categories":[10,16],"tags":[],"class_list":["post-2806","post","type-post","status-publish","format-standard","hentry","category-aus-der-heideducht","category-welpentagebuch-j-wurf"],"jetpack_publicize_connections":[],"jetpack_featured_media_url":"","jetpack_sharing_enabled":true,"jetpack_shortlink":"https:\/\/wp.me\/p71my5-Jg","jetpack_likes_enabled":true,"_links":{"self":[{"href":"https:\/\/vonderheideducht.de\/index.php?rest_route=\/wp\/v2\/posts\/2806","targetHints":{"allow":["GET"]}}],"collection":[{"href":"https:\/\/vonderheideducht.de\/index.php?rest_route=\/wp\/v2\/posts"}],"about":[{"href":"https:\/\/vonderheideducht.de\/index.php?rest_route=\/wp\/v2\/types\/post"}],"author":[{"embeddable":true,"href":"https:\/\/vonderheideducht.de\/index.php?rest_route=\/wp\/v2\/users\/1"}],"replies":[{"embeddable":true,"href":"https:\/\/vonderheideducht.de\/index.php?rest_route=%2Fwp%2Fv2%2Fcomments&post=2806"}],"version-history":[{"count":14,"href":"https:\/\/vonderheideducht.de\/index.php?rest_route=\/wp\/v2\/posts\/2806\/revisions"}],"predecessor-version":[{"id":2839,"href":"https:\/\/vonderheideducht.de\/index.php?rest_route=\/wp\/v2\/posts\/2806\/revisions\/2839"}],"wp:attachment":[{"href":"https:\/\/vonderheideducht.de\/index.php?rest_route=%2Fwp%2Fv2%2Fmedia&parent=2806"}],"wp:term":[{"taxonomy":"category","embeddable":true,"href":"https:\/\/vonderheideducht.de\/index.php?rest_route=%2Fwp%2Fv2%2Fcategories&post=2806"},{"taxonomy":"post_tag","embeddable":true,"href":"https:\/\/vonderheideducht.de\/index.php?rest_route=%2Fwp%2Fv2%2Ftags&post=2806"}],"curies":[{"name":"wp","href":"https:\/\/api.w.org\/{rel}","templated":true}]}}