{"id":4007,"date":"2019-05-21T16:12:40","date_gmt":"2019-05-21T14:12:40","guid":{"rendered":"https:\/\/vonderheideducht.de\/?p=4007"},"modified":"2019-06-17T22:11:27","modified_gmt":"2019-06-17T20:11:27","slug":"cockertreffen-19-05-2019","status":"publish","type":"post","link":"https:\/\/vonderheideducht.de\/?p=4007","title":{"rendered":"Cockertreffen 19.05.2019"},"content":{"rendered":"\n<p>So schnell ist die Zeit wieder vergangen und ein sehr sch\u00f6nes und fr\u00f6hlich entspanntes Cockertreffen ist zu Ende. Wir haben uns mit allen Hunden mit ihren Herrchen und Frauchen wie immer in B\u00fcttel getroffen, haben sch\u00f6n auf der Wiese hinter dem Elbkrug bei sch\u00f6nstem Wetter Gespr\u00e4che gef\u00fchrt und uns an den Hunden erfreut! <\/p>\n\n\n\n<p>Aus allen Ecken sind unsere Welpenk\u00e4ufer angereist!!! Daf\u00fcr hier meinen Dank! Ohne Euer zahlreiches Erscheinen w\u00fcrden wir kein Cockertreffen feiern k\u00f6nnen. Wie immer hatten wir viel zu plappern,  Jeder hat die Hunde des Anderen begutachtet und verglichen, wie sie sich im Haarkleid, Wesen usw.  unterscheiden. Beim Spaziergang hinterm Deich hat sogar George gehorcht und ist diesmal nicht in den Matschgraben gelaufen, daf\u00fcr haben Hanna und Franka Frieda sich dort doch schnell mal abgek\u00fchlt. Ja und Maja (Jelda) war die Schlaueste; sie hat das saubere Grabenwasser gefunden. <\/p>\n\n\n\n<p>Wir haben uns alle dann \u00fcber eine sch\u00f6ne Tasse Kaffee mit Eierlik\u00f6r, Cappuccino, Irish-Coffee-Torte und Pflaumenkuchen gefreut und auch das Mittagessen hat allen sehr gut geschmeckt &#8211; Horst und ich waren erstaunt, wie viele Matjes Liebhaber dabei waren.<\/p>\n\n\n\n<p>\u00dcber die gute Entwicklung aller Welpen brauch ich nicht viel sagen, auch waren die kleinen Racker schon sehr gut erzogen! \u00dcber die Anwesenheit von Emma und EnJoy 13 Jahre alt , die nach 11 Jahren nun mal wieder dabei sein konnten , haben wir uns sehr gefreut.  Auch unser Fiete 12 Jahre alt , konnte nach 5 J\u00e4hriger Abwesenheit mit Gehorsamkeit und Liebsein gl\u00e4nzen, wie alle anderen nat\u00fcrlich auch.<\/p>\n\n\n\nngg_shortcode_0_placeholder\n\n\n\n<p>Ein paar Videos von unserem Cockertreffen:<br><\/p>\n\n\n\n<figure class=\"wp-block-video\"><video height=\"2160\" style=\"aspect-ratio: 3840 \/ 2160;\" width=\"3840\" controls poster=\"https:\/\/vonderheideducht.de\/wp-content\/uploads\/2019\/05\/C0003T01.jpg\" src=\"https:\/\/vonderheideducht.de\/wp-content\/uploads\/2019\/05\/C0003.mp4\"><\/video><figcaption>Ankunft<\/figcaption><\/figure>\n\n\n\n<figure class=\"wp-block-video\"><video height=\"2160\" style=\"aspect-ratio: 3840 \/ 2160;\" width=\"3840\" controls poster=\"https:\/\/vonderheideducht.de\/wp-content\/uploads\/2019\/05\/C0013T01.jpg\" src=\"https:\/\/vonderheideducht.de\/wp-content\/uploads\/2019\/05\/C0013.mp4\"><\/video><figcaption>Alle sind da<\/figcaption><\/figure>\n\n\n\n<figure class=\"wp-block-video\"><video height=\"2160\" style=\"aspect-ratio: 3840 \/ 2160;\" width=\"3840\" controls poster=\"https:\/\/vonderheideducht.de\/wp-content\/uploads\/2019\/05\/C0018T01.jpg\" src=\"https:\/\/vonderheideducht.de\/wp-content\/uploads\/2019\/05\/C0018.mp4\"><\/video><figcaption>Alle sind da und unterhalten sich<\/figcaption><\/figure>\n\n\n\n<figure class=\"wp-block-video\"><video height=\"2160\" style=\"aspect-ratio: 3840 \/ 2160;\" width=\"3840\" controls poster=\"https:\/\/vonderheideducht.de\/wp-content\/uploads\/2019\/05\/C0028T01.jpg\" src=\"https:\/\/vonderheideducht.de\/wp-content\/uploads\/2019\/05\/C0028.mp4\"><\/video><figcaption>Spaziergang hinterm Deich<\/figcaption><\/figure>\n\n\n\n<figure class=\"wp-block-video\"><video height=\"2160\" style=\"aspect-ratio: 3840 \/ 2160;\" width=\"3840\" controls poster=\"https:\/\/vonderheideducht.de\/wp-content\/uploads\/2019\/05\/C0031T01.jpg\" src=\"https:\/\/vonderheideducht.de\/wp-content\/uploads\/2019\/05\/C0031.mp4\"><\/video><figcaption>Durstige Hunde und ein Wasserbad<\/figcaption><\/figure>\n\n\n\n<p><\/p>\n","protected":false},"excerpt":{"rendered":"<p>So schnell ist die Zeit wieder vergangen und ein sehr sch\u00f6nes und fr\u00f6hlich entspanntes Cockertreffen ist zu Ende. Wir haben uns mit allen Hunden mit ihren Herrchen und Frauchen wie immer in B\u00fcttel getroffen, haben sch\u00f6n auf der Wiese hinter dem Elbkrug bei sch\u00f6nstem Wetter Gespr\u00e4che gef\u00fchrt und uns an den Hunden erfreut! Aus allen &hellip; <a href=\"https:\/\/vonderheideducht.de\/?p=4007\" class=\"more-link\"><span class=\"screen-reader-text\">Cockertreffen 19.05.2019<\/span> weiterlesen <span class=\"meta-nav\">&rarr;<\/span><\/a><\/p>\n","protected":false},"author":1,"featured_media":0,"comment_status":"closed","ping_status":"closed","sticky":false,"template":"","format":"standard","meta":{"ngg_post_thumbnail":0,"jetpack_post_was_ever_published":false,"_jetpack_newsletter_access":"","_jetpack_dont_email_post_to_subs":false,"_jetpack_newsletter_tier_id":0,"footnotes":"","jetpack_publicize_message":"","jetpack_publicize_feature_enabled":true,"jetpack_social_post_already_shared":true,"jetpack_social_options":{"image_generator_settings":{"template":"highway","enabled":false}}},"categories":[11],"tags":[],"class_list":["post-4007","post","type-post","status-publish","format-standard","hentry","category-unsere-cockertreffen"],"jetpack_publicize_connections":[],"jetpack_featured_media_url":"","jetpack_sharing_enabled":false,"jetpack_shortlink":"https:\/\/wp.me\/p71my5-12D","jetpack_likes_enabled":false,"_links":{"self":[{"href":"https:\/\/vonderheideducht.de\/index.php?rest_route=\/wp\/v2\/posts\/4007","targetHints":{"allow":["GET"]}}],"collection":[{"href":"https:\/\/vonderheideducht.de\/index.php?rest_route=\/wp\/v2\/posts"}],"about":[{"href":"https:\/\/vonderheideducht.de\/index.php?rest_route=\/wp\/v2\/types\/post"}],"author":[{"embeddable":true,"href":"https:\/\/vonderheideducht.de\/index.php?rest_route=\/wp\/v2\/users\/1"}],"replies":[{"embeddable":true,"href":"https:\/\/vonderheideducht.de\/index.php?rest_route=%2Fwp%2Fv2%2Fcomments&post=4007"}],"version-history":[{"count":7,"href":"https:\/\/vonderheideducht.de\/index.php?rest_route=\/wp\/v2\/posts\/4007\/revisions"}],"predecessor-version":[{"id":4215,"href":"https:\/\/vonderheideducht.de\/index.php?rest_route=\/wp\/v2\/posts\/4007\/revisions\/4215"}],"wp:attachment":[{"href":"https:\/\/vonderheideducht.de\/index.php?rest_route=%2Fwp%2Fv2%2Fmedia&parent=4007"}],"wp:term":[{"taxonomy":"category","embeddable":true,"href":"https:\/\/vonderheideducht.de\/index.php?rest_route=%2Fwp%2Fv2%2Fcategories&post=4007"},{"taxonomy":"post_tag","embeddable":true,"href":"https:\/\/vonderheideducht.de\/index.php?rest_route=%2Fwp%2Fv2%2Ftags&post=4007"}],"curies":[{"name":"wp","href":"https:\/\/api.w.org\/{rel}","templated":true}]}}