{"id":4230,"date":"2019-07-02T14:28:49","date_gmt":"2019-07-02T12:28:49","guid":{"rendered":"https:\/\/vonderheideducht.de\/?p=4230"},"modified":"2019-07-02T14:59:42","modified_gmt":"2019-07-02T12:59:42","slug":"3-wochen-alt","status":"publish","type":"post","link":"https:\/\/vonderheideducht.de\/?p=4230","title":{"rendered":"3 Wochen alt"},"content":{"rendered":"<p>Unsere Kleinen sind nun 3 Wochen alt , haben alle ihre ersten Z\u00e4hne, k\u00f6nnen durch die am Donnerstagabend aufgebaute gro\u00dfe Kiste laufen und machen alle schon prima Pipi auf der Zeitung!<\/p>\n<p>Letzte Woche am Sonntag habe ich ganz \u00fcberraschend&nbsp; Besuch&nbsp; von Welpenk\u00e4ufern bekommen, die Beiden haben eine rote 12 Jahre alte Cockerh\u00fcndin und m\u00f6chten jetzt ein Schwarz-Loh M\u00e4dchen dazu.. Sie haben sich dann nach einem ausf\u00fchrlichen Gespr\u00e4ch spontan f\u00fcr Kira mit dem Pinken Halsband endschieden&nbsp; und freuen sich sehr, so ein h\u00fcbsches M\u00e4dchen zu bekommen.<\/p>\n<p>In der laufenden Woche hatten wir viel Spa\u00df mit den Welpen , sie knurren schon, spielen mit den Geschwistern und trinken sich an Hexes Milchbar gro\u00df und stark. Kuper, der rote R\u00fcde und Kara, die H\u00fcndin mit dem Orange Halsband, sind die Schwersten mit 1375 g.&nbsp;<\/p>\n<p>Wir hatten Sonnabend einen sch\u00f6nen endspannten Tag mit Familie Rimili aus Mainz&nbsp; mit Labrador H\u00fcndin&nbsp; Lotta,&nbsp; die sich dann f\u00fcr Kara endschieden haben . Und am heutigen Sonntag, 30.06. 19&nbsp; kam Familie Hohlfeld zu uns, um sich ihre H\u00fcndin anzusehen, die kleine Kate mit dem wei\u00df-Pinken Halsband! Die beiden&nbsp; erwachsenen T\u00f6chter haben es sich nicht nehmen lassen, die Eltern&nbsp; beim Aussuchen zu unterst\u00fctzen .<\/p>\n<p>&nbsp;<strong>Wir haben noch 2 Welpen zu vergeben!<\/strong><\/p>\n<p>Und zwar den Roten R\u00fcden Kuper (Farbe von Kupfer) Kuper ist ein ruhiger Welpe, der meckert, wenn er die Zitze nicht schnell genug erreicht, er kommt nach Opa Cheiron.<\/p>\n<p>Und H\u00fcndin Kessy Rotes Halsband &#8211;&nbsp; ist&nbsp; dunkel&nbsp; Schwarz-Loh, sie ist etwas temperamentvoller als Kira und Kate, aber ruhiger als Kara zu dieser Zeit.&nbsp;<\/p>\n<p>&nbsp;<\/p>\n<p>Ein paar Videos:<\/p>\n\n\n<figure class=\"wp-block-video\"><video height=\"720\" style=\"aspect-ratio: 1280 \/ 720;\" width=\"1280\" controls src=\"https:\/\/vonderheideducht.de\/wp-content\/uploads\/2019\/07\/MAH00346.mp4\"><\/video><\/figure>\n\n\n\n<figure class=\"wp-block-video\"><video height=\"720\" style=\"aspect-ratio: 1280 \/ 720;\" width=\"1280\" controls src=\"https:\/\/vonderheideducht.de\/wp-content\/uploads\/2019\/07\/MAH00339.mp4\"><\/video><\/figure>\n\n\n\n<figure class=\"wp-block-video\"><video height=\"1080\" style=\"aspect-ratio: 1920 \/ 1080;\" width=\"1920\" controls src=\"https:\/\/vonderheideducht.de\/wp-content\/uploads\/2019\/07\/MVI_1770.mp4\"><\/video><\/figure>\n\n\n\n<figure class=\"wp-block-video\"><video height=\"352\" style=\"aspect-ratio: 640 \/ 352;\" width=\"640\" controls src=\"https:\/\/vonderheideducht.de\/wp-content\/uploads\/2019\/07\/440-hexestillt.mp4\"><\/video><figcaption>Hexe stillt<\/figcaption><\/figure>\n\n\n\n<figure class=\"wp-block-image\"><img loading=\"lazy\" decoding=\"async\" width=\"474\" height=\"313\" src=\"https:\/\/i0.wp.com\/vonderheideducht.de\/wp-content\/uploads\/2019\/07\/labradorlotta.jpg?resize=474%2C313&#038;ssl=1\" alt=\"\" class=\"wp-image-4240\" srcset=\"https:\/\/i0.wp.com\/vonderheideducht.de\/wp-content\/uploads\/2019\/07\/labradorlotta.jpg?w=600&amp;ssl=1 600w, https:\/\/i0.wp.com\/vonderheideducht.de\/wp-content\/uploads\/2019\/07\/labradorlotta.jpg?resize=300%2C198&amp;ssl=1 300w\" sizes=\"auto, (max-width: 474px) 100vw, 474px\" data-recalc-dims=\"1\" \/><figcaption>Labrador Lotta aus Mainz zur Welpenschau zu Besuch &#8211; die kleine Kara wird ihre neue Freundin!<\/figcaption><\/figure>\n\n\n\n<figure class=\"wp-block-video\"><video height=\"352\" style=\"aspect-ratio: 640 \/ 352;\" width=\"640\" controls src=\"https:\/\/vonderheideducht.de\/wp-content\/uploads\/2019\/07\/408-alleamwasser300619.mp4\"><\/video><figcaption> Alle am Wasser Lotta Labrador, Hexe ,Nena Spa\u00df <br><\/figcaption><\/figure>\n\n\n\n<p><br><\/p>\n\n\n\n<p> und noch ein paar Fotos! <\/p>\n\n\n\nngg_shortcode_0_placeholder\n\n\n\n<p><\/p>\n","protected":false},"excerpt":{"rendered":"<p>Unsere Kleinen sind nun 3 Wochen alt , haben alle ihre ersten Z\u00e4hne, k\u00f6nnen durch die am Donnerstagabend aufgebaute gro\u00dfe Kiste laufen und machen alle schon prima Pipi auf der Zeitung! Letzte Woche am Sonntag habe ich ganz \u00fcberraschend&nbsp; Besuch&nbsp; von Welpenk\u00e4ufern bekommen, die Beiden haben eine rote 12 Jahre alte Cockerh\u00fcndin und m\u00f6chten jetzt &hellip; <a href=\"https:\/\/vonderheideducht.de\/?p=4230\" class=\"more-link\"><span class=\"screen-reader-text\">3 Wochen alt<\/span> weiterlesen <span class=\"meta-nav\">&rarr;<\/span><\/a><\/p>\n","protected":false},"author":1,"featured_media":0,"comment_status":"closed","ping_status":"closed","sticky":false,"template":"","format":"standard","meta":{"ngg_post_thumbnail":0,"jetpack_post_was_ever_published":false,"_jetpack_newsletter_access":"","_jetpack_dont_email_post_to_subs":false,"_jetpack_newsletter_tier_id":0,"footnotes":"","jetpack_publicize_message":"","jetpack_publicize_feature_enabled":true,"jetpack_social_post_already_shared":true,"jetpack_social_options":{"image_generator_settings":{"template":"highway","enabled":false}}},"categories":[10,17],"tags":[],"class_list":["post-4230","post","type-post","status-publish","format-standard","hentry","category-aus-der-heideducht","category-k-wurf-hexe-2019"],"jetpack_publicize_connections":[],"jetpack_featured_media_url":"","jetpack_sharing_enabled":true,"jetpack_shortlink":"https:\/\/wp.me\/p71my5-16e","jetpack_likes_enabled":true,"_links":{"self":[{"href":"https:\/\/vonderheideducht.de\/index.php?rest_route=\/wp\/v2\/posts\/4230","targetHints":{"allow":["GET"]}}],"collection":[{"href":"https:\/\/vonderheideducht.de\/index.php?rest_route=\/wp\/v2\/posts"}],"about":[{"href":"https:\/\/vonderheideducht.de\/index.php?rest_route=\/wp\/v2\/types\/post"}],"author":[{"embeddable":true,"href":"https:\/\/vonderheideducht.de\/index.php?rest_route=\/wp\/v2\/users\/1"}],"replies":[{"embeddable":true,"href":"https:\/\/vonderheideducht.de\/index.php?rest_route=%2Fwp%2Fv2%2Fcomments&post=4230"}],"version-history":[{"count":7,"href":"https:\/\/vonderheideducht.de\/index.php?rest_route=\/wp\/v2\/posts\/4230\/revisions"}],"predecessor-version":[{"id":4260,"href":"https:\/\/vonderheideducht.de\/index.php?rest_route=\/wp\/v2\/posts\/4230\/revisions\/4260"}],"wp:attachment":[{"href":"https:\/\/vonderheideducht.de\/index.php?rest_route=%2Fwp%2Fv2%2Fmedia&parent=4230"}],"wp:term":[{"taxonomy":"category","embeddable":true,"href":"https:\/\/vonderheideducht.de\/index.php?rest_route=%2Fwp%2Fv2%2Fcategories&post=4230"},{"taxonomy":"post_tag","embeddable":true,"href":"https:\/\/vonderheideducht.de\/index.php?rest_route=%2Fwp%2Fv2%2Ftags&post=4230"}],"curies":[{"name":"wp","href":"https:\/\/api.w.org\/{rel}","templated":true}]}}