{"id":428,"date":"2014-11-28T12:08:54","date_gmt":"2014-11-28T11:08:54","guid":{"rendered":"http:\/\/www.heideducht.de\/test\/blog\/?p=428"},"modified":"2015-12-31T14:34:03","modified_gmt":"2015-12-31T13:34:03","slug":"45-tage-und-ein-bischen-bauch","status":"publish","type":"post","link":"https:\/\/vonderheideducht.de\/?p=428","title":{"rendered":"45 Tage und ein bischen Bauch!"},"content":{"rendered":"<p>45 Tage tr\u00e4chtig&#8230;<\/p>\n<p>Nena geht es sehr gut, sie hat guten Hunger und auch Lammknochen schmecken gut!!!<\/p>\n<p>Nena berichtet:<br \/>\nWenn ich nicht genug bekomme, klaue ich mir doch glatt einen Knochenaus dem Komposteimer, den Frauchen f\u00fcr zu gef\u00e4hrlich gehalten hat.Ha HA da bin ich doch ganz flott gewesen, als die T\u00fcr einen Moment offen war. Mu\u00df doch f\u00fcr meine Babys sorgen!!! Mein Bauchumfang haben wir heute am 45 Tag der Tr\u00e4chtigkeit 61 cm und ich wiege 12,3 Kg.<br \/>\nAm Anfang habe ich 10,5 kg gewogen.<br \/>\nNun sind es noch knappe 3 Wochen. Die Spannung steigt,ich bin gut drauf!!<\/p>\n<p><img loading=\"lazy\" decoding=\"async\" class=\"alignnone size-medium wp-image-429\" src=\"https:\/\/i0.wp.com\/vonderheideducht.de\/blog\/wp-content\/uploads\/2015\/12\/nena_2811_1-300x198.jpg?resize=300%2C198&#038;ssl=1\" alt=\"Nena 45 Tage\" width=\"300\" height=\"198\" srcset=\"https:\/\/i0.wp.com\/vonderheideducht.de\/wp-content\/uploads\/2015\/12\/nena_2811_1.jpg?resize=300%2C198&amp;ssl=1 300w, https:\/\/i0.wp.com\/vonderheideducht.de\/wp-content\/uploads\/2015\/12\/nena_2811_1.jpg?w=500&amp;ssl=1 500w\" sizes=\"auto, (max-width: 300px) 100vw, 300px\" data-recalc-dims=\"1\" \/><\/p>\n<p><img loading=\"lazy\" decoding=\"async\" class=\"alignnone size-medium wp-image-430\" src=\"https:\/\/i0.wp.com\/vonderheideducht.de\/blog\/wp-content\/uploads\/2015\/12\/nena_2811_2-300x198.jpg?resize=300%2C198&#038;ssl=1\" alt=\"Nena 45 Tage\" width=\"300\" height=\"198\" srcset=\"https:\/\/i0.wp.com\/vonderheideducht.de\/wp-content\/uploads\/2015\/12\/nena_2811_2.jpg?resize=300%2C198&amp;ssl=1 300w, https:\/\/i0.wp.com\/vonderheideducht.de\/wp-content\/uploads\/2015\/12\/nena_2811_2.jpg?w=500&amp;ssl=1 500w\" sizes=\"auto, (max-width: 300px) 100vw, 300px\" data-recalc-dims=\"1\" \/><\/p>\n","protected":false},"excerpt":{"rendered":"<p>45 Tage tr\u00e4chtig&#8230; Nena geht es sehr gut, sie hat guten Hunger und auch Lammknochen schmecken gut!!! Nena berichtet: Wenn ich nicht genug bekomme, klaue ich mir doch glatt einen Knochenaus dem Komposteimer, den Frauchen f\u00fcr zu gef\u00e4hrlich gehalten hat.Ha HA da bin ich doch ganz flott gewesen, als die T\u00fcr einen Moment offen war. &hellip; <a href=\"https:\/\/vonderheideducht.de\/?p=428\" class=\"more-link\"><span class=\"screen-reader-text\">45 Tage und ein bischen Bauch!<\/span> weiterlesen <span class=\"meta-nav\">&rarr;<\/span><\/a><\/p>\n","protected":false},"author":1,"featured_media":0,"comment_status":"open","ping_status":"closed","sticky":false,"template":"","format":"standard","meta":{"ngg_post_thumbnail":0,"jetpack_post_was_ever_published":false,"_jetpack_newsletter_access":"","_jetpack_dont_email_post_to_subs":false,"_jetpack_newsletter_tier_id":0,"footnotes":"","jetpack_publicize_message":"","jetpack_publicize_feature_enabled":true,"jetpack_social_post_already_shared":true,"jetpack_social_options":{"image_generator_settings":{"template":"highway","enabled":false}}},"categories":[12],"tags":[],"class_list":["post-428","post","type-post","status-publish","format-standard","hentry","category-welpentagebuch-h-wurf"],"jetpack_publicize_connections":[],"jetpack_featured_media_url":"","jetpack_sharing_enabled":true,"jetpack_shortlink":"https:\/\/wp.me\/p71my5-6U","jetpack_likes_enabled":true,"_links":{"self":[{"href":"https:\/\/vonderheideducht.de\/index.php?rest_route=\/wp\/v2\/posts\/428","targetHints":{"allow":["GET"]}}],"collection":[{"href":"https:\/\/vonderheideducht.de\/index.php?rest_route=\/wp\/v2\/posts"}],"about":[{"href":"https:\/\/vonderheideducht.de\/index.php?rest_route=\/wp\/v2\/types\/post"}],"author":[{"embeddable":true,"href":"https:\/\/vonderheideducht.de\/index.php?rest_route=\/wp\/v2\/users\/1"}],"replies":[{"embeddable":true,"href":"https:\/\/vonderheideducht.de\/index.php?rest_route=%2Fwp%2Fv2%2Fcomments&post=428"}],"version-history":[{"count":2,"href":"https:\/\/vonderheideducht.de\/index.php?rest_route=\/wp\/v2\/posts\/428\/revisions"}],"predecessor-version":[{"id":1545,"href":"https:\/\/vonderheideducht.de\/index.php?rest_route=\/wp\/v2\/posts\/428\/revisions\/1545"}],"wp:attachment":[{"href":"https:\/\/vonderheideducht.de\/index.php?rest_route=%2Fwp%2Fv2%2Fmedia&parent=428"}],"wp:term":[{"taxonomy":"category","embeddable":true,"href":"https:\/\/vonderheideducht.de\/index.php?rest_route=%2Fwp%2Fv2%2Fcategories&post=428"},{"taxonomy":"post_tag","embeddable":true,"href":"https:\/\/vonderheideducht.de\/index.php?rest_route=%2Fwp%2Fv2%2Ftags&post=428"}],"curies":[{"name":"wp","href":"https:\/\/api.w.org\/{rel}","templated":true}]}}