{"id":439,"date":"2014-12-14T08:35:39","date_gmt":"2014-12-14T07:35:39","guid":{"rendered":"http:\/\/www.heideducht.de\/test\/blog\/?p=439"},"modified":"2019-05-21T13:56:33","modified_gmt":"2019-05-21T11:56:33","slug":"endspurt","status":"publish","type":"post","link":"https:\/\/vonderheideducht.de\/?p=439","title":{"rendered":"Endspurt"},"content":{"rendered":"<p>Endspurt &#8211; jetzt geht es bald los!!!!!!<\/p>\n<p>\u00dcberall in Nenas Bauch toben die Babys herum, alles bewegt sich und Nena st\u00f6hnt und \u00e4chzt!<br \/>\nDie Futter-Portionen werden kleiner, daf\u00fcr frisst sie nun \u00f6fter. Nenas Gewicht liegt bei 14,3 Kg.<br \/>\nNena hat jetzt einen Bauchumfang von 67 cm und laut Fieberkurve hat sich wohl am Mittwoch der Bauch gesenkt&#8230;<\/p>\n<p><img loading=\"lazy\" decoding=\"async\" class=\"alignnone size-medium wp-image-441\" src=\"https:\/\/i0.wp.com\/vonderheideducht.de\/blog\/wp-content\/uploads\/2015\/12\/nena_1412_2-300x198.jpg?resize=300%2C198&#038;ssl=1\" alt=\"Endspurt Nena\" width=\"300\" height=\"198\" srcset=\"https:\/\/i0.wp.com\/vonderheideducht.de\/wp-content\/uploads\/2015\/12\/nena_1412_2.jpg?resize=300%2C198&amp;ssl=1 300w, https:\/\/i0.wp.com\/vonderheideducht.de\/wp-content\/uploads\/2015\/12\/nena_1412_2.jpg?w=500&amp;ssl=1 500w\" sizes=\"auto, (max-width: 300px) 100vw, 300px\" data-recalc-dims=\"1\" \/><\/p>\n<p><img loading=\"lazy\" decoding=\"async\" class=\"alignnone size-medium wp-image-440\" src=\"https:\/\/i0.wp.com\/vonderheideducht.de\/blog\/wp-content\/uploads\/2015\/12\/nena_1412_1-300x198.jpg?resize=300%2C198&#038;ssl=1\" alt=\"Endspurt Nena\" width=\"300\" height=\"198\" srcset=\"https:\/\/i0.wp.com\/vonderheideducht.de\/wp-content\/uploads\/2015\/12\/nena_1412_1.jpg?resize=300%2C198&amp;ssl=1 300w, https:\/\/i0.wp.com\/vonderheideducht.de\/wp-content\/uploads\/2015\/12\/nena_1412_1.jpg?w=500&amp;ssl=1 500w\" sizes=\"auto, (max-width: 300px) 100vw, 300px\" data-recalc-dims=\"1\" \/><\/p>\n","protected":false},"excerpt":{"rendered":"<p>Endspurt &#8211; jetzt geht es bald los!!!!!! \u00dcberall in Nenas Bauch toben die Babys herum, alles bewegt sich und Nena st\u00f6hnt und \u00e4chzt! Die Futter-Portionen werden kleiner, daf\u00fcr frisst sie nun \u00f6fter. Nenas Gewicht liegt bei 14,3 Kg. Nena hat jetzt einen Bauchumfang von 67 cm und laut Fieberkurve hat sich wohl am Mittwoch der &hellip; <a href=\"https:\/\/vonderheideducht.de\/?p=439\" class=\"more-link\"><span class=\"screen-reader-text\">Endspurt<\/span> weiterlesen <span class=\"meta-nav\">&rarr;<\/span><\/a><\/p>\n","protected":false},"author":1,"featured_media":0,"comment_status":"closed","ping_status":"closed","sticky":false,"template":"","format":"standard","meta":{"ngg_post_thumbnail":0,"jetpack_post_was_ever_published":false,"_jetpack_newsletter_access":"","_jetpack_dont_email_post_to_subs":false,"_jetpack_newsletter_tier_id":0,"footnotes":"","jetpack_publicize_message":"","jetpack_publicize_feature_enabled":true,"jetpack_social_post_already_shared":true,"jetpack_social_options":{"image_generator_settings":{"template":"highway","enabled":false}}},"categories":[12],"tags":[],"class_list":["post-439","post","type-post","status-publish","format-standard","hentry","category-welpentagebuch-h-wurf"],"jetpack_publicize_connections":[],"jetpack_featured_media_url":"","jetpack_sharing_enabled":false,"jetpack_shortlink":"https:\/\/wp.me\/s71my5-endspurt","jetpack_likes_enabled":false,"_links":{"self":[{"href":"https:\/\/vonderheideducht.de\/index.php?rest_route=\/wp\/v2\/posts\/439","targetHints":{"allow":["GET"]}}],"collection":[{"href":"https:\/\/vonderheideducht.de\/index.php?rest_route=\/wp\/v2\/posts"}],"about":[{"href":"https:\/\/vonderheideducht.de\/index.php?rest_route=\/wp\/v2\/types\/post"}],"author":[{"embeddable":true,"href":"https:\/\/vonderheideducht.de\/index.php?rest_route=\/wp\/v2\/users\/1"}],"replies":[{"embeddable":true,"href":"https:\/\/vonderheideducht.de\/index.php?rest_route=%2Fwp%2Fv2%2Fcomments&post=439"}],"version-history":[{"count":3,"href":"https:\/\/vonderheideducht.de\/index.php?rest_route=\/wp\/v2\/posts\/439\/revisions"}],"predecessor-version":[{"id":4003,"href":"https:\/\/vonderheideducht.de\/index.php?rest_route=\/wp\/v2\/posts\/439\/revisions\/4003"}],"wp:attachment":[{"href":"https:\/\/vonderheideducht.de\/index.php?rest_route=%2Fwp%2Fv2%2Fmedia&parent=439"}],"wp:term":[{"taxonomy":"category","embeddable":true,"href":"https:\/\/vonderheideducht.de\/index.php?rest_route=%2Fwp%2Fv2%2Fcategories&post=439"},{"taxonomy":"post_tag","embeddable":true,"href":"https:\/\/vonderheideducht.de\/index.php?rest_route=%2Fwp%2Fv2%2Ftags&post=439"}],"curies":[{"name":"wp","href":"https:\/\/api.w.org\/{rel}","templated":true}]}}