{"id":4826,"date":"2020-03-25T22:15:24","date_gmt":"2020-03-25T21:15:24","guid":{"rendered":"https:\/\/vonderheideducht.de\/?p=4826"},"modified":"2020-03-25T22:15:28","modified_gmt":"2020-03-25T21:15:28","slug":"es-gruesst-im-maerz-teil-2","status":"publish","type":"post","link":"https:\/\/vonderheideducht.de\/?p=4826","title":{"rendered":"es gr\u00fcsst im M\u00e4rz &#8211; Teil 2"},"content":{"rendered":"<p>und es folgen weitere M\u00e4rzgr\u00fc\u00dfe!<br><!--StartFragment--><\/p>\n\n\n<p><strong>von Kara, die Sturm und Wind und Wetter liebt und am Liebsten im Matsch badet:<\/strong><\/p>\n\n\n\n<figure class=\"wp-block-image is-resized\"><img loading=\"lazy\" decoding=\"async\" src=\"https:\/\/i0.wp.com\/vonderheideducht.de\/wp-content\/uploads\/2020\/03\/kara.jpg?resize=300%2C198&#038;ssl=1\" alt=\"\" class=\"wp-image-4802\" width=\"300\" height=\"198\" srcset=\"https:\/\/i0.wp.com\/vonderheideducht.de\/wp-content\/uploads\/2020\/03\/kara.jpg?w=600&amp;ssl=1 600w, https:\/\/i0.wp.com\/vonderheideducht.de\/wp-content\/uploads\/2020\/03\/kara.jpg?resize=300%2C198&amp;ssl=1 300w\" sizes=\"auto, (max-width: 300px) 100vw, 300px\" data-recalc-dims=\"1\" \/><\/figure>\n\n\n\n<figure class=\"wp-block-image is-resized\"><img loading=\"lazy\" decoding=\"async\" src=\"https:\/\/i0.wp.com\/vonderheideducht.de\/wp-content\/uploads\/2020\/03\/karasturm.jpg?resize=200%2C300&#038;ssl=1\" alt=\"\" class=\"wp-image-4803\" width=\"200\" height=\"300\" srcset=\"https:\/\/i0.wp.com\/vonderheideducht.de\/wp-content\/uploads\/2020\/03\/karasturm.jpg?w=400&amp;ssl=1 400w, https:\/\/i0.wp.com\/vonderheideducht.de\/wp-content\/uploads\/2020\/03\/karasturm.jpg?resize=200%2C300&amp;ssl=1 200w\" sizes=\"auto, (max-width: 200px) 100vw, 200px\" data-recalc-dims=\"1\" \/><\/figure>\n\n\n\n<figure class=\"wp-block-video\"><video height=\"352\" style=\"aspect-ratio: 640 \/ 352;\" width=\"640\" controls src=\"https:\/\/vonderheideducht.de\/wp-content\/uploads\/2020\/03\/kara.mp4\"><\/video><\/figure>\n\n\n\n<p><strong>von Benthley und Bailey (Kessy) &#8211; die am Liebsten Eis schlecken und sich in ihren Regenanz\u00fcgen wohlf\u00fchlen <\/strong><\/p>\n\n\n\n<figure class=\"wp-block-video\"><video height=\"480\" style=\"aspect-ratio: 848 \/ 480;\" width=\"848\" controls src=\"https:\/\/vonderheideducht.de\/wp-content\/uploads\/2020\/03\/eis.mp4\"><\/video><\/figure>\n\n\n\n<figure class=\"wp-block-image is-resized\"><img loading=\"lazy\" decoding=\"async\" src=\"https:\/\/i0.wp.com\/vonderheideducht.de\/wp-content\/uploads\/2020\/03\/kessy2.jpg?resize=200%2C300&#038;ssl=1\" alt=\"\" class=\"wp-image-4808\" width=\"200\" height=\"300\" srcset=\"https:\/\/i0.wp.com\/vonderheideducht.de\/wp-content\/uploads\/2020\/03\/kessy2.jpg?w=400&amp;ssl=1 400w, https:\/\/i0.wp.com\/vonderheideducht.de\/wp-content\/uploads\/2020\/03\/kessy2.jpg?resize=200%2C300&amp;ssl=1 200w\" sizes=\"auto, (max-width: 200px) 100vw, 200px\" data-recalc-dims=\"1\" \/><\/figure>\n\n\n\n<figure class=\"wp-block-image is-resized\"><img loading=\"lazy\" decoding=\"async\" src=\"https:\/\/i0.wp.com\/vonderheideducht.de\/wp-content\/uploads\/2020\/03\/kessylieblingsplatz.jpg?resize=200%2C300&#038;ssl=1\" alt=\"\" class=\"wp-image-4811\" width=\"200\" height=\"300\" srcset=\"https:\/\/i0.wp.com\/vonderheideducht.de\/wp-content\/uploads\/2020\/03\/kessylieblingsplatz.jpg?w=400&amp;ssl=1 400w, https:\/\/i0.wp.com\/vonderheideducht.de\/wp-content\/uploads\/2020\/03\/kessylieblingsplatz.jpg?resize=200%2C300&amp;ssl=1 200w\" sizes=\"auto, (max-width: 200px) 100vw, 200px\" data-recalc-dims=\"1\" \/><figcaption>Kessy hat 4 K\u00f6rbchen &#8211; sie schl\u00e4ft aber am Liebsten im Kleiderst\u00e4nder<\/figcaption><\/figure>\n\n\n\n<figure class=\"wp-block-video\"><video height=\"480\" style=\"aspect-ratio: 848 \/ 480;\" width=\"848\" controls src=\"https:\/\/vonderheideducht.de\/wp-content\/uploads\/2020\/03\/kessybenthleyregenanzug.mp4\"><\/video><\/figure>\n\n\n<p><!--EndFragment--><strong>und last but not least von Kate, aus Hameln, die &#8211; so wurde mir berichtet &#8211; eine so Liebe ist und ein wenig schick gemacht wurde beim Trimmen,<\/strong><\/p>\n\n\n<figure class=\"wp-block-image is-resized\"><img loading=\"lazy\" decoding=\"async\" src=\"https:\/\/i0.wp.com\/vonderheideducht.de\/wp-content\/uploads\/2020\/03\/kate.jpg?resize=200%2C300&#038;ssl=1\" alt=\"\" class=\"wp-image-4835\" width=\"200\" height=\"300\" srcset=\"https:\/\/i0.wp.com\/vonderheideducht.de\/wp-content\/uploads\/2020\/03\/kate.jpg?w=400&amp;ssl=1 400w, https:\/\/i0.wp.com\/vonderheideducht.de\/wp-content\/uploads\/2020\/03\/kate.jpg?resize=200%2C300&amp;ssl=1 200w\" sizes=\"auto, (max-width: 200px) 100vw, 200px\" data-recalc-dims=\"1\" \/><\/figure>\n\n\n\n<figure class=\"wp-block-image is-resized\"><img loading=\"lazy\" decoding=\"async\" src=\"https:\/\/i0.wp.com\/vonderheideducht.de\/wp-content\/uploads\/2020\/03\/Kate2.jpg?resize=200%2C300&#038;ssl=1\" alt=\"\" class=\"wp-image-4836\" width=\"200\" height=\"300\" srcset=\"https:\/\/i0.wp.com\/vonderheideducht.de\/wp-content\/uploads\/2020\/03\/Kate2.jpg?w=400&amp;ssl=1 400w, https:\/\/i0.wp.com\/vonderheideducht.de\/wp-content\/uploads\/2020\/03\/Kate2.jpg?resize=200%2C300&amp;ssl=1 200w\" sizes=\"auto, (max-width: 200px) 100vw, 200px\" data-recalc-dims=\"1\" \/><\/figure>\n\n\n\n<figure class=\"wp-block-image is-resized\"><img loading=\"lazy\" decoding=\"async\" src=\"https:\/\/i0.wp.com\/vonderheideducht.de\/wp-content\/uploads\/2020\/03\/Kate3.jpg?resize=200%2C300&#038;ssl=1\" alt=\"\" class=\"wp-image-4837\" width=\"200\" height=\"300\" srcset=\"https:\/\/i0.wp.com\/vonderheideducht.de\/wp-content\/uploads\/2020\/03\/Kate3.jpg?w=400&amp;ssl=1 400w, https:\/\/i0.wp.com\/vonderheideducht.de\/wp-content\/uploads\/2020\/03\/Kate3.jpg?resize=200%2C300&amp;ssl=1 200w\" sizes=\"auto, (max-width: 200px) 100vw, 200px\" data-recalc-dims=\"1\" \/><\/figure>\n\n\n\n<figure class=\"wp-block-image is-resized\"><img loading=\"lazy\" decoding=\"async\" src=\"https:\/\/i0.wp.com\/vonderheideducht.de\/wp-content\/uploads\/2020\/03\/kate4.jpg?resize=300%2C198&#038;ssl=1\" alt=\"\" class=\"wp-image-4838\" width=\"300\" height=\"198\" srcset=\"https:\/\/i0.wp.com\/vonderheideducht.de\/wp-content\/uploads\/2020\/03\/kate4.jpg?w=600&amp;ssl=1 600w, https:\/\/i0.wp.com\/vonderheideducht.de\/wp-content\/uploads\/2020\/03\/kate4.jpg?resize=300%2C198&amp;ssl=1 300w\" sizes=\"auto, (max-width: 300px) 100vw, 300px\" data-recalc-dims=\"1\" \/><\/figure>\n\n\n\n<figure class=\"wp-block-video\"><video height=\"720\" style=\"aspect-ratio: 720 \/ 720;\" width=\"720\" controls src=\"https:\/\/vonderheideducht.de\/wp-content\/uploads\/2020\/03\/katehundekonzert.mp4\"><\/video><\/figure>\n","protected":false},"excerpt":{"rendered":"<p>und es folgen weitere M\u00e4rzgr\u00fc\u00dfe! von Kara, die Sturm und Wind und Wetter liebt und am Liebsten im Matsch badet: von Benthley und Bailey (Kessy) &#8211; die am Liebsten Eis schlecken und sich in ihren Regenanz\u00fcgen wohlf\u00fchlen und last but not least von Kate, aus Hameln, die &#8211; so wurde mir berichtet &#8211; eine so &hellip; <a href=\"https:\/\/vonderheideducht.de\/?p=4826\" class=\"more-link\"><span class=\"screen-reader-text\">es gr\u00fcsst im M\u00e4rz &#8211; Teil 2<\/span> weiterlesen <span class=\"meta-nav\">&rarr;<\/span><\/a><\/p>\n","protected":false},"author":1,"featured_media":0,"comment_status":"closed","ping_status":"closed","sticky":false,"template":"","format":"standard","meta":{"ngg_post_thumbnail":0,"jetpack_post_was_ever_published":false,"_jetpack_newsletter_access":"","_jetpack_dont_email_post_to_subs":false,"_jetpack_newsletter_tier_id":0,"footnotes":"","jetpack_publicize_message":"","jetpack_publicize_feature_enabled":true,"jetpack_social_post_already_shared":true,"jetpack_social_options":{"image_generator_settings":{"template":"highway","enabled":false}}},"categories":[1,10,9],"tags":[],"class_list":["post-4826","post","type-post","status-publish","format-standard","hentry","category-allgemeines","category-aus-der-heideducht","category-gruesse-von-unseren-welpen"],"jetpack_publicize_connections":[],"jetpack_featured_media_url":"","jetpack_sharing_enabled":true,"jetpack_shortlink":"https:\/\/wp.me\/p71my5-1fQ","jetpack_likes_enabled":true,"_links":{"self":[{"href":"https:\/\/vonderheideducht.de\/index.php?rest_route=\/wp\/v2\/posts\/4826","targetHints":{"allow":["GET"]}}],"collection":[{"href":"https:\/\/vonderheideducht.de\/index.php?rest_route=\/wp\/v2\/posts"}],"about":[{"href":"https:\/\/vonderheideducht.de\/index.php?rest_route=\/wp\/v2\/types\/post"}],"author":[{"embeddable":true,"href":"https:\/\/vonderheideducht.de\/index.php?rest_route=\/wp\/v2\/users\/1"}],"replies":[{"embeddable":true,"href":"https:\/\/vonderheideducht.de\/index.php?rest_route=%2Fwp%2Fv2%2Fcomments&post=4826"}],"version-history":[{"count":3,"href":"https:\/\/vonderheideducht.de\/index.php?rest_route=\/wp\/v2\/posts\/4826\/revisions"}],"predecessor-version":[{"id":4841,"href":"https:\/\/vonderheideducht.de\/index.php?rest_route=\/wp\/v2\/posts\/4826\/revisions\/4841"}],"wp:attachment":[{"href":"https:\/\/vonderheideducht.de\/index.php?rest_route=%2Fwp%2Fv2%2Fmedia&parent=4826"}],"wp:term":[{"taxonomy":"category","embeddable":true,"href":"https:\/\/vonderheideducht.de\/index.php?rest_route=%2Fwp%2Fv2%2Fcategories&post=4826"},{"taxonomy":"post_tag","embeddable":true,"href":"https:\/\/vonderheideducht.de\/index.php?rest_route=%2Fwp%2Fv2%2Ftags&post=4826"}],"curies":[{"name":"wp","href":"https:\/\/api.w.org\/{rel}","templated":true}]}}