{"id":5401,"date":"2021-05-13T18:07:47","date_gmt":"2021-05-13T16:07:47","guid":{"rendered":"https:\/\/vonderheideducht.de\/?p=5401"},"modified":"2021-05-13T18:26:14","modified_gmt":"2021-05-13T16:26:14","slug":"gruesse-von-louis","status":"publish","type":"post","link":"https:\/\/vonderheideducht.de\/?p=5401","title":{"rendered":"Gr\u00fc\u00dfe von Louis"},"content":{"rendered":"\n<p>Auch von Louis gibt es Neuigkeiten:<\/p>\n\n\n\n<p>Louis ist t\u00fcchtig gewachsen und sein Loh ist nun auch an den Hinterpfoten heller geworden, alle sind gl\u00fccklich und zufrieden.<\/p>\n\n\n\n<figure class=\"wp-block-image size-large\"><img loading=\"lazy\" decoding=\"async\" width=\"400\" height=\"600\" src=\"https:\/\/i0.wp.com\/vonderheideducht.de\/wp-content\/uploads\/2021\/05\/Louis_auszug_012.jpg?resize=400%2C600&#038;ssl=1\" alt=\"\" class=\"wp-image-5403\" srcset=\"https:\/\/i0.wp.com\/vonderheideducht.de\/wp-content\/uploads\/2021\/05\/Louis_auszug_012.jpg?w=400&amp;ssl=1 400w, https:\/\/i0.wp.com\/vonderheideducht.de\/wp-content\/uploads\/2021\/05\/Louis_auszug_012.jpg?resize=200%2C300&amp;ssl=1 200w\" sizes=\"auto, (max-width: 400px) 100vw, 400px\" data-recalc-dims=\"1\" \/><\/figure>\n\n\n\n<figure class=\"wp-block-image size-large\"><img loading=\"lazy\" decoding=\"async\" width=\"400\" height=\"600\" src=\"https:\/\/i0.wp.com\/vonderheideducht.de\/wp-content\/uploads\/2021\/05\/Louis_auszug_013.jpg?resize=400%2C600&#038;ssl=1\" alt=\"\" class=\"wp-image-5404\" srcset=\"https:\/\/i0.wp.com\/vonderheideducht.de\/wp-content\/uploads\/2021\/05\/Louis_auszug_013.jpg?w=400&amp;ssl=1 400w, https:\/\/i0.wp.com\/vonderheideducht.de\/wp-content\/uploads\/2021\/05\/Louis_auszug_013.jpg?resize=200%2C300&amp;ssl=1 200w\" sizes=\"auto, (max-width: 400px) 100vw, 400px\" data-recalc-dims=\"1\" \/><\/figure>\n\n\n\n<figure class=\"wp-block-image size-large\"><img loading=\"lazy\" decoding=\"async\" width=\"400\" height=\"600\" src=\"https:\/\/i0.wp.com\/vonderheideducht.de\/wp-content\/uploads\/2021\/05\/louis-zuhaus1.jpg?resize=400%2C600&#038;ssl=1\" alt=\"\" class=\"wp-image-5409\" srcset=\"https:\/\/i0.wp.com\/vonderheideducht.de\/wp-content\/uploads\/2021\/05\/louis-zuhaus1.jpg?w=400&amp;ssl=1 400w, https:\/\/i0.wp.com\/vonderheideducht.de\/wp-content\/uploads\/2021\/05\/louis-zuhaus1.jpg?resize=200%2C300&amp;ssl=1 200w\" sizes=\"auto, (max-width: 400px) 100vw, 400px\" data-recalc-dims=\"1\" \/><\/figure>\n\n\n\n<p> Louis K\u00f6rbchen wird zu klein; Ute wird ein neues K\u00f6rbchen n\u00e4hen, so wie auf dem n\u00e4chsten Foto:<\/p>\n\n\n\n<figure class=\"wp-block-image size-large is-resized\"><img loading=\"lazy\" decoding=\"async\" src=\"https:\/\/i0.wp.com\/vonderheideducht.de\/wp-content\/uploads\/2021\/05\/hundekorb.jpg?resize=450%2C297&#038;ssl=1\" alt=\"\" class=\"wp-image-5417\" width=\"450\" height=\"297\" srcset=\"https:\/\/i0.wp.com\/vonderheideducht.de\/wp-content\/uploads\/2021\/05\/hundekorb.jpg?w=600&amp;ssl=1 600w, https:\/\/i0.wp.com\/vonderheideducht.de\/wp-content\/uploads\/2021\/05\/hundekorb.jpg?resize=300%2C198&amp;ssl=1 300w\" sizes=\"auto, (max-width: 450px) 100vw, 450px\" data-recalc-dims=\"1\" \/><\/figure>\n\n\n\n<p>Livi ist l\u00e4ufig, und Louis, der dort zu Besuch kommt, gibt schon mal alles, was er so kann ;o)<\/p>\n\n\n\n<figure class=\"wp-block-video\"><video height=\"480\" style=\"aspect-ratio: 848 \/ 480;\" width=\"848\" controls src=\"https:\/\/vonderheideducht.de\/wp-content\/uploads\/2021\/05\/louis.mp4\"><\/video><\/figure>\n\n\n\n<p>Loius ist \u00fcbrigens auch ein sehr ausgeglichener Hund; er war beim Umzug der Tochter dabei, begleitete die kleine Enkelin und hat das Chaos mit unglaublicher Geduld ertragen.<\/p>\n\n\n\n<figure class=\"wp-block-video\"><video height=\"480\" style=\"aspect-ratio: 848 \/ 480;\" width=\"848\" controls src=\"https:\/\/vonderheideducht.de\/wp-content\/uploads\/2021\/05\/louis2.mp4\"><\/video><\/figure>\n\n\n\n<p><\/p>\n","protected":false},"excerpt":{"rendered":"<p>Auch von Louis gibt es Neuigkeiten: Louis ist t\u00fcchtig gewachsen und sein Loh ist nun auch an den Hinterpfoten heller geworden, alle sind gl\u00fccklich und zufrieden. Louis K\u00f6rbchen wird zu klein; Ute wird ein neues K\u00f6rbchen n\u00e4hen, so wie auf dem n\u00e4chsten Foto: Livi ist l\u00e4ufig, und Louis, der dort zu Besuch kommt, gibt schon &hellip; <a href=\"https:\/\/vonderheideducht.de\/?p=5401\" class=\"more-link\"><span class=\"screen-reader-text\">Gr\u00fc\u00dfe von Louis<\/span> weiterlesen <span class=\"meta-nav\">&rarr;<\/span><\/a><\/p>\n","protected":false},"author":1,"featured_media":0,"comment_status":"closed","ping_status":"closed","sticky":false,"template":"","format":"standard","meta":{"ngg_post_thumbnail":0,"jetpack_post_was_ever_published":false,"_jetpack_newsletter_access":"","_jetpack_dont_email_post_to_subs":false,"_jetpack_newsletter_tier_id":0,"footnotes":"","jetpack_publicize_message":"","jetpack_publicize_feature_enabled":true,"jetpack_social_post_already_shared":true,"jetpack_social_options":{"image_generator_settings":{"template":"highway","enabled":false}}},"categories":[9,18],"tags":[],"class_list":["post-5401","post","type-post","status-publish","format-standard","hentry","category-gruesse-von-unseren-welpen","category-l-wurf-2021"],"jetpack_publicize_connections":[],"jetpack_featured_media_url":"","jetpack_sharing_enabled":true,"jetpack_shortlink":"https:\/\/wp.me\/p71my5-1p7","jetpack_likes_enabled":true,"_links":{"self":[{"href":"https:\/\/vonderheideducht.de\/index.php?rest_route=\/wp\/v2\/posts\/5401","targetHints":{"allow":["GET"]}}],"collection":[{"href":"https:\/\/vonderheideducht.de\/index.php?rest_route=\/wp\/v2\/posts"}],"about":[{"href":"https:\/\/vonderheideducht.de\/index.php?rest_route=\/wp\/v2\/types\/post"}],"author":[{"embeddable":true,"href":"https:\/\/vonderheideducht.de\/index.php?rest_route=\/wp\/v2\/users\/1"}],"replies":[{"embeddable":true,"href":"https:\/\/vonderheideducht.de\/index.php?rest_route=%2Fwp%2Fv2%2Fcomments&post=5401"}],"version-history":[{"count":11,"href":"https:\/\/vonderheideducht.de\/index.php?rest_route=\/wp\/v2\/posts\/5401\/revisions"}],"predecessor-version":[{"id":5427,"href":"https:\/\/vonderheideducht.de\/index.php?rest_route=\/wp\/v2\/posts\/5401\/revisions\/5427"}],"wp:attachment":[{"href":"https:\/\/vonderheideducht.de\/index.php?rest_route=%2Fwp%2Fv2%2Fmedia&parent=5401"}],"wp:term":[{"taxonomy":"category","embeddable":true,"href":"https:\/\/vonderheideducht.de\/index.php?rest_route=%2Fwp%2Fv2%2Fcategories&post=5401"},{"taxonomy":"post_tag","embeddable":true,"href":"https:\/\/vonderheideducht.de\/index.php?rest_route=%2Fwp%2Fv2%2Ftags&post=5401"}],"curies":[{"name":"wp","href":"https:\/\/api.w.org\/{rel}","templated":true}]}}