{"id":5983,"date":"2023-05-09T21:41:26","date_gmt":"2023-05-09T19:41:26","guid":{"rendered":"https:\/\/vonderheideducht.de\/?p=5983"},"modified":"2023-05-14T16:59:51","modified_gmt":"2023-05-14T14:59:51","slug":"cockertreffen-07-05-2023","status":"publish","type":"post","link":"https:\/\/vonderheideducht.de\/?p=5983","title":{"rendered":"Cockertreffen 07.05.2023"},"content":{"rendered":"\n<p><\/p>\n\n\n\n<p><\/p>\n\n\n\n<p>Nachdem wir durch Erk\u00e4ltungskrankheiten viele Absagen hatten, haben wir uns mit 18 Personen,&nbsp;&nbsp;9 Cockerspaniels und einem ehemaligen Stra\u00dfenhund auf dem Gel\u00e4nde der Mehrzweckhalle getroffen. <\/p>\n\n\n\n<p>Bei trockenem Wetter, 13 Grad und k\u00fchlem Ostwind sind wir mit G\u00e4sten, von denen Einige &nbsp;mit ihrem Wohnmobil aus Berlin,&nbsp;&nbsp;NRW&nbsp; und Kappeln sowie Flensburg angereist sind, haben wir im hinteren Bereich eine Fl\u00e4che gehabt,&nbsp;auf der sich die Hunde gut bewegen konnten. Nachdem wir alle ein wenig durchgefroren waren, sind wir dann zu einem gemeinsamen Mittagessen in die Halle gegangen . Wir hatten noch einen Spaziergang vorgesehen , aber wir sind dann doch auf dem Platz geblieben, magels &nbsp;Spazierwege . Ansonsten freute sich Jeder, nach 3 Jahren Coronapause wieder ein Cockertreffen zu haben. F\u00fcrs n\u00e4chste Jahr werden wir uns bem\u00fchen, einen sch\u00f6nen Spazierweg auszusuchen, damit die Hunde besser ausgelastet sind. Ein sch\u00f6ner Tag ging mit Kaffee und Kuchen dann zu Ende.<\/p>\n\n\n<p>ein paar Fotos f\u00fcr Euch:&nbsp;<\/p>\n\n\n<figure class=\"wp-block-image size-large is-resized\"><img loading=\"lazy\" decoding=\"async\" src=\"https:\/\/i0.wp.com\/vonderheideducht.de\/wp-content\/uploads\/2023\/05\/polonaise.jpg?resize=474%2C356&#038;ssl=1\" alt=\"\" class=\"wp-image-6002\" width=\"474\" height=\"356\" srcset=\"https:\/\/i0.wp.com\/vonderheideducht.de\/wp-content\/uploads\/2023\/05\/polonaise.jpg?resize=1024%2C768&amp;ssl=1 1024w, https:\/\/i0.wp.com\/vonderheideducht.de\/wp-content\/uploads\/2023\/05\/polonaise.jpg?resize=300%2C225&amp;ssl=1 300w, https:\/\/i0.wp.com\/vonderheideducht.de\/wp-content\/uploads\/2023\/05\/polonaise.jpg?resize=768%2C576&amp;ssl=1 768w, https:\/\/i0.wp.com\/vonderheideducht.de\/wp-content\/uploads\/2023\/05\/polonaise.jpg?w=1280&amp;ssl=1 1280w, https:\/\/i0.wp.com\/vonderheideducht.de\/wp-content\/uploads\/2023\/05\/polonaise.jpg?w=948&amp;ssl=1 948w\" sizes=\"auto, (max-width: 474px) 100vw, 474px\" data-recalc-dims=\"1\" \/><figcaption class=\"wp-element-caption\">Polonaise<\/figcaption><\/figure>\n\n\n\n<figure class=\"wp-block-image size-large is-resized\"><img loading=\"lazy\" decoding=\"async\" src=\"https:\/\/i0.wp.com\/vonderheideducht.de\/wp-content\/uploads\/2023\/05\/jonaundgeorge.jpg?resize=474%2C315&#038;ssl=1\" alt=\"\" class=\"wp-image-5985\" width=\"474\" height=\"315\" srcset=\"https:\/\/i0.wp.com\/vonderheideducht.de\/wp-content\/uploads\/2023\/05\/jonaundgeorge.jpg?resize=1024%2C682&amp;ssl=1 1024w, https:\/\/i0.wp.com\/vonderheideducht.de\/wp-content\/uploads\/2023\/05\/jonaundgeorge.jpg?resize=300%2C200&amp;ssl=1 300w, https:\/\/i0.wp.com\/vonderheideducht.de\/wp-content\/uploads\/2023\/05\/jonaundgeorge.jpg?resize=768%2C512&amp;ssl=1 768w, https:\/\/i0.wp.com\/vonderheideducht.de\/wp-content\/uploads\/2023\/05\/jonaundgeorge.jpg?w=1280&amp;ssl=1 1280w, https:\/\/i0.wp.com\/vonderheideducht.de\/wp-content\/uploads\/2023\/05\/jonaundgeorge.jpg?w=948&amp;ssl=1 948w\" sizes=\"auto, (max-width: 474px) 100vw, 474px\" data-recalc-dims=\"1\" \/><figcaption class=\"wp-element-caption\">Jona ( M\u00fccke) und George<\/figcaption><\/figure>\n\n\n\n<figure class=\"wp-block-image size-large is-resized\"><img loading=\"lazy\" decoding=\"async\" src=\"https:\/\/i0.wp.com\/vonderheideducht.de\/wp-content\/uploads\/2023\/05\/jonaundgeorge2.jpg?resize=474%2C315&#038;ssl=1\" alt=\"\" class=\"wp-image-5986\" width=\"474\" height=\"315\" srcset=\"https:\/\/i0.wp.com\/vonderheideducht.de\/wp-content\/uploads\/2023\/05\/jonaundgeorge2.jpg?resize=1024%2C682&amp;ssl=1 1024w, https:\/\/i0.wp.com\/vonderheideducht.de\/wp-content\/uploads\/2023\/05\/jonaundgeorge2.jpg?resize=300%2C200&amp;ssl=1 300w, https:\/\/i0.wp.com\/vonderheideducht.de\/wp-content\/uploads\/2023\/05\/jonaundgeorge2.jpg?resize=768%2C512&amp;ssl=1 768w, https:\/\/i0.wp.com\/vonderheideducht.de\/wp-content\/uploads\/2023\/05\/jonaundgeorge2.jpg?w=1280&amp;ssl=1 1280w, https:\/\/i0.wp.com\/vonderheideducht.de\/wp-content\/uploads\/2023\/05\/jonaundgeorge2.jpg?w=948&amp;ssl=1 948w\" sizes=\"auto, (max-width: 474px) 100vw, 474px\" data-recalc-dims=\"1\" \/><figcaption class=\"wp-element-caption\">Jona ( M\u00fccke) und George<\/figcaption><\/figure>\n\n\n\n<figure class=\"wp-block-image size-large is-resized\"><img loading=\"lazy\" decoding=\"async\" src=\"https:\/\/i0.wp.com\/vonderheideducht.de\/wp-content\/uploads\/2023\/05\/kalle.jpg?resize=474%2C315&#038;ssl=1\" alt=\"\" class=\"wp-image-5987\" width=\"474\" height=\"315\" srcset=\"https:\/\/i0.wp.com\/vonderheideducht.de\/wp-content\/uploads\/2023\/05\/kalle.jpg?resize=1024%2C682&amp;ssl=1 1024w, https:\/\/i0.wp.com\/vonderheideducht.de\/wp-content\/uploads\/2023\/05\/kalle.jpg?resize=300%2C200&amp;ssl=1 300w, https:\/\/i0.wp.com\/vonderheideducht.de\/wp-content\/uploads\/2023\/05\/kalle.jpg?resize=768%2C512&amp;ssl=1 768w, https:\/\/i0.wp.com\/vonderheideducht.de\/wp-content\/uploads\/2023\/05\/kalle.jpg?w=1280&amp;ssl=1 1280w, https:\/\/i0.wp.com\/vonderheideducht.de\/wp-content\/uploads\/2023\/05\/kalle.jpg?w=948&amp;ssl=1 948w\" sizes=\"auto, (max-width: 474px) 100vw, 474px\" data-recalc-dims=\"1\" \/><figcaption class=\"wp-element-caption\">Kalle<\/figcaption><\/figure>\n\n\n\n<figure class=\"wp-block-image size-large is-resized\"><img loading=\"lazy\" decoding=\"async\" src=\"https:\/\/i0.wp.com\/vonderheideducht.de\/wp-content\/uploads\/2023\/05\/Livanna.jpg?resize=474%2C315&#038;ssl=1\" alt=\"\" class=\"wp-image-5988\" width=\"474\" height=\"315\" srcset=\"https:\/\/i0.wp.com\/vonderheideducht.de\/wp-content\/uploads\/2023\/05\/Livanna.jpg?resize=1024%2C682&amp;ssl=1 1024w, https:\/\/i0.wp.com\/vonderheideducht.de\/wp-content\/uploads\/2023\/05\/Livanna.jpg?resize=300%2C200&amp;ssl=1 300w, https:\/\/i0.wp.com\/vonderheideducht.de\/wp-content\/uploads\/2023\/05\/Livanna.jpg?resize=768%2C512&amp;ssl=1 768w, https:\/\/i0.wp.com\/vonderheideducht.de\/wp-content\/uploads\/2023\/05\/Livanna.jpg?w=1280&amp;ssl=1 1280w, https:\/\/i0.wp.com\/vonderheideducht.de\/wp-content\/uploads\/2023\/05\/Livanna.jpg?w=948&amp;ssl=1 948w\" sizes=\"auto, (max-width: 474px) 100vw, 474px\" data-recalc-dims=\"1\" \/><figcaption class=\"wp-element-caption\">Livanna<\/figcaption><\/figure>\n\n\n\n<figure class=\"wp-block-image size-large is-resized\"><img loading=\"lazy\" decoding=\"async\" src=\"https:\/\/i0.wp.com\/vonderheideducht.de\/wp-content\/uploads\/2023\/05\/Maika.jpg?resize=474%2C390&#038;ssl=1\" alt=\"\" class=\"wp-image-5989\" width=\"474\" height=\"390\" srcset=\"https:\/\/i0.wp.com\/vonderheideducht.de\/wp-content\/uploads\/2023\/05\/Maika.jpg?resize=1024%2C843&amp;ssl=1 1024w, https:\/\/i0.wp.com\/vonderheideducht.de\/wp-content\/uploads\/2023\/05\/Maika.jpg?resize=300%2C247&amp;ssl=1 300w, https:\/\/i0.wp.com\/vonderheideducht.de\/wp-content\/uploads\/2023\/05\/Maika.jpg?resize=768%2C632&amp;ssl=1 768w, https:\/\/i0.wp.com\/vonderheideducht.de\/wp-content\/uploads\/2023\/05\/Maika.jpg?w=1280&amp;ssl=1 1280w, https:\/\/i0.wp.com\/vonderheideducht.de\/wp-content\/uploads\/2023\/05\/Maika.jpg?w=948&amp;ssl=1 948w\" sizes=\"auto, (max-width: 474px) 100vw, 474px\" data-recalc-dims=\"1\" \/><figcaption class=\"wp-element-caption\">Maika<\/figcaption><\/figure>\n\n\n\n<figure class=\"wp-block-image size-large is-resized\"><img loading=\"lazy\" decoding=\"async\" src=\"https:\/\/i0.wp.com\/vonderheideducht.de\/wp-content\/uploads\/2023\/05\/maika2.jpg?resize=474%2C358&#038;ssl=1\" alt=\"\" class=\"wp-image-5990\" width=\"474\" height=\"358\" srcset=\"https:\/\/i0.wp.com\/vonderheideducht.de\/wp-content\/uploads\/2023\/05\/maika2.jpg?resize=1024%2C773&amp;ssl=1 1024w, https:\/\/i0.wp.com\/vonderheideducht.de\/wp-content\/uploads\/2023\/05\/maika2.jpg?resize=300%2C226&amp;ssl=1 300w, https:\/\/i0.wp.com\/vonderheideducht.de\/wp-content\/uploads\/2023\/05\/maika2.jpg?resize=768%2C580&amp;ssl=1 768w, https:\/\/i0.wp.com\/vonderheideducht.de\/wp-content\/uploads\/2023\/05\/maika2.jpg?w=1280&amp;ssl=1 1280w, https:\/\/i0.wp.com\/vonderheideducht.de\/wp-content\/uploads\/2023\/05\/maika2.jpg?w=948&amp;ssl=1 948w\" sizes=\"auto, (max-width: 474px) 100vw, 474px\" data-recalc-dims=\"1\" \/><figcaption class=\"wp-element-caption\">Maika<\/figcaption><\/figure>\n\n\n\n<figure class=\"wp-block-image size-large is-resized\"><img loading=\"lazy\" decoding=\"async\" src=\"https:\/\/i0.wp.com\/vonderheideducht.de\/wp-content\/uploads\/2023\/05\/gruppe1.jpg?resize=474%2C308&#038;ssl=1\" alt=\"\" class=\"wp-image-5991\" width=\"474\" height=\"308\" srcset=\"https:\/\/i0.wp.com\/vonderheideducht.de\/wp-content\/uploads\/2023\/05\/gruppe1.jpg?resize=1024%2C666&amp;ssl=1 1024w, https:\/\/i0.wp.com\/vonderheideducht.de\/wp-content\/uploads\/2023\/05\/gruppe1.jpg?resize=300%2C195&amp;ssl=1 300w, https:\/\/i0.wp.com\/vonderheideducht.de\/wp-content\/uploads\/2023\/05\/gruppe1.jpg?resize=768%2C499&amp;ssl=1 768w, https:\/\/i0.wp.com\/vonderheideducht.de\/wp-content\/uploads\/2023\/05\/gruppe1.jpg?w=1280&amp;ssl=1 1280w, https:\/\/i0.wp.com\/vonderheideducht.de\/wp-content\/uploads\/2023\/05\/gruppe1.jpg?w=948&amp;ssl=1 948w\" sizes=\"auto, (max-width: 474px) 100vw, 474px\" data-recalc-dims=\"1\" \/><figcaption class=\"wp-element-caption\">Gruppe \u2013 alle durcheinander<\/figcaption><\/figure>\n\n\n\n<figure class=\"wp-block-image size-large is-resized\"><img loading=\"lazy\" decoding=\"async\" src=\"https:\/\/i0.wp.com\/vonderheideducht.de\/wp-content\/uploads\/2023\/05\/Gruppe2.jpg?resize=474%2C287&#038;ssl=1\" alt=\"\" class=\"wp-image-5992\" width=\"474\" height=\"287\" srcset=\"https:\/\/i0.wp.com\/vonderheideducht.de\/wp-content\/uploads\/2023\/05\/Gruppe2.jpg?resize=1024%2C622&amp;ssl=1 1024w, https:\/\/i0.wp.com\/vonderheideducht.de\/wp-content\/uploads\/2023\/05\/Gruppe2.jpg?resize=300%2C182&amp;ssl=1 300w, https:\/\/i0.wp.com\/vonderheideducht.de\/wp-content\/uploads\/2023\/05\/Gruppe2.jpg?resize=768%2C466&amp;ssl=1 768w, https:\/\/i0.wp.com\/vonderheideducht.de\/wp-content\/uploads\/2023\/05\/Gruppe2.jpg?w=1280&amp;ssl=1 1280w, https:\/\/i0.wp.com\/vonderheideducht.de\/wp-content\/uploads\/2023\/05\/Gruppe2.jpg?w=948&amp;ssl=1 948w\" sizes=\"auto, (max-width: 474px) 100vw, 474px\" data-recalc-dims=\"1\" \/><figcaption class=\"wp-element-caption\">Gruppe \u2013 alle durcheinander<\/figcaption><\/figure>\n\n\n\n<figure class=\"wp-block-image size-large is-resized\"><img loading=\"lazy\" decoding=\"async\" src=\"https:\/\/i0.wp.com\/vonderheideducht.de\/wp-content\/uploads\/2023\/05\/3.jpg?resize=474%2C315&#038;ssl=1\" alt=\"\" class=\"wp-image-5993\" width=\"474\" height=\"315\" srcset=\"https:\/\/i0.wp.com\/vonderheideducht.de\/wp-content\/uploads\/2023\/05\/3.jpg?resize=1024%2C682&amp;ssl=1 1024w, https:\/\/i0.wp.com\/vonderheideducht.de\/wp-content\/uploads\/2023\/05\/3.jpg?resize=300%2C200&amp;ssl=1 300w, https:\/\/i0.wp.com\/vonderheideducht.de\/wp-content\/uploads\/2023\/05\/3.jpg?resize=768%2C512&amp;ssl=1 768w, https:\/\/i0.wp.com\/vonderheideducht.de\/wp-content\/uploads\/2023\/05\/3.jpg?w=1280&amp;ssl=1 1280w, https:\/\/i0.wp.com\/vonderheideducht.de\/wp-content\/uploads\/2023\/05\/3.jpg?w=948&amp;ssl=1 948w\" sizes=\"auto, (max-width: 474px) 100vw, 474px\" data-recalc-dims=\"1\" \/><figcaption class=\"wp-element-caption\">Gruppe <\/figcaption><\/figure>\n\n\n\n<figure class=\"wp-block-image size-large is-resized\"><img loading=\"lazy\" decoding=\"async\" src=\"https:\/\/i0.wp.com\/vonderheideducht.de\/wp-content\/uploads\/2023\/05\/gruppe4.jpg?resize=474%2C315&#038;ssl=1\" alt=\"\" class=\"wp-image-5999\" width=\"474\" height=\"315\" srcset=\"https:\/\/i0.wp.com\/vonderheideducht.de\/wp-content\/uploads\/2023\/05\/gruppe4.jpg?resize=1024%2C682&amp;ssl=1 1024w, https:\/\/i0.wp.com\/vonderheideducht.de\/wp-content\/uploads\/2023\/05\/gruppe4.jpg?resize=300%2C200&amp;ssl=1 300w, https:\/\/i0.wp.com\/vonderheideducht.de\/wp-content\/uploads\/2023\/05\/gruppe4.jpg?resize=768%2C512&amp;ssl=1 768w, https:\/\/i0.wp.com\/vonderheideducht.de\/wp-content\/uploads\/2023\/05\/gruppe4.jpg?w=1280&amp;ssl=1 1280w, https:\/\/i0.wp.com\/vonderheideducht.de\/wp-content\/uploads\/2023\/05\/gruppe4.jpg?w=948&amp;ssl=1 948w\" sizes=\"auto, (max-width: 474px) 100vw, 474px\" data-recalc-dims=\"1\" \/><figcaption class=\"wp-element-caption\">Gruppe \u2013 alle durcheinander<\/figcaption><\/figure>\n\n\n\n<figure class=\"wp-block-image size-large is-resized\"><img loading=\"lazy\" decoding=\"async\" src=\"https:\/\/i0.wp.com\/vonderheideducht.de\/wp-content\/uploads\/2023\/05\/gruppe5.jpg?resize=474%2C315&#038;ssl=1\" alt=\"\" class=\"wp-image-6000\" width=\"474\" height=\"315\" srcset=\"https:\/\/i0.wp.com\/vonderheideducht.de\/wp-content\/uploads\/2023\/05\/gruppe5.jpg?resize=1024%2C682&amp;ssl=1 1024w, https:\/\/i0.wp.com\/vonderheideducht.de\/wp-content\/uploads\/2023\/05\/gruppe5.jpg?resize=300%2C200&amp;ssl=1 300w, https:\/\/i0.wp.com\/vonderheideducht.de\/wp-content\/uploads\/2023\/05\/gruppe5.jpg?resize=768%2C512&amp;ssl=1 768w, https:\/\/i0.wp.com\/vonderheideducht.de\/wp-content\/uploads\/2023\/05\/gruppe5.jpg?w=1280&amp;ssl=1 1280w, https:\/\/i0.wp.com\/vonderheideducht.de\/wp-content\/uploads\/2023\/05\/gruppe5.jpg?w=948&amp;ssl=1 948w\" sizes=\"auto, (max-width: 474px) 100vw, 474px\" data-recalc-dims=\"1\" \/><figcaption class=\"wp-element-caption\">Gruppe \u2013 alle durcheinander<\/figcaption><\/figure>\n\n\n\n<figure class=\"wp-block-image size-large is-resized\"><img loading=\"lazy\" decoding=\"async\" src=\"https:\/\/i0.wp.com\/vonderheideducht.de\/wp-content\/uploads\/2023\/05\/gruppe6.jpg?resize=474%2C315&#038;ssl=1\" alt=\"\" class=\"wp-image-6001\" width=\"474\" height=\"315\" srcset=\"https:\/\/i0.wp.com\/vonderheideducht.de\/wp-content\/uploads\/2023\/05\/gruppe6.jpg?resize=1024%2C682&amp;ssl=1 1024w, https:\/\/i0.wp.com\/vonderheideducht.de\/wp-content\/uploads\/2023\/05\/gruppe6.jpg?resize=300%2C200&amp;ssl=1 300w, https:\/\/i0.wp.com\/vonderheideducht.de\/wp-content\/uploads\/2023\/05\/gruppe6.jpg?resize=768%2C512&amp;ssl=1 768w, https:\/\/i0.wp.com\/vonderheideducht.de\/wp-content\/uploads\/2023\/05\/gruppe6.jpg?w=1280&amp;ssl=1 1280w, https:\/\/i0.wp.com\/vonderheideducht.de\/wp-content\/uploads\/2023\/05\/gruppe6.jpg?w=948&amp;ssl=1 948w\" sizes=\"auto, (max-width: 474px) 100vw, 474px\" data-recalc-dims=\"1\" \/><figcaption class=\"wp-element-caption\">Gruppe <\/figcaption><\/figure>\n\n\n\n<figure class=\"wp-block-image size-large is-resized\"><img loading=\"lazy\" decoding=\"async\" src=\"https:\/\/i0.wp.com\/vonderheideducht.de\/wp-content\/uploads\/2023\/05\/4.jpg?resize=474%2C315&#038;ssl=1\" alt=\"\" class=\"wp-image-5994\" width=\"474\" height=\"315\" srcset=\"https:\/\/i0.wp.com\/vonderheideducht.de\/wp-content\/uploads\/2023\/05\/4.jpg?resize=1024%2C682&amp;ssl=1 1024w, https:\/\/i0.wp.com\/vonderheideducht.de\/wp-content\/uploads\/2023\/05\/4.jpg?resize=300%2C200&amp;ssl=1 300w, https:\/\/i0.wp.com\/vonderheideducht.de\/wp-content\/uploads\/2023\/05\/4.jpg?resize=768%2C512&amp;ssl=1 768w, https:\/\/i0.wp.com\/vonderheideducht.de\/wp-content\/uploads\/2023\/05\/4.jpg?w=1280&amp;ssl=1 1280w, https:\/\/i0.wp.com\/vonderheideducht.de\/wp-content\/uploads\/2023\/05\/4.jpg?w=948&amp;ssl=1 948w\" sizes=\"auto, (max-width: 474px) 100vw, 474px\" data-recalc-dims=\"1\" \/><figcaption class=\"wp-element-caption\">Dies ist Filou. Der Blauschimmel ist aus schlechter Haltung im Tierheim gelandet, sein neues Herrchen hat ihn mit viel Geduld und Liebe zu einem lieben umg\u00e4nglichen Hund erzogen, er wird seit 5 Jahren von mir unterm Bauch geschoren, da er sich noch immer dort nicht K\u00e4mmen l\u00e4sst. Wir freuen uns von Herzen, das Filou nun mit unseren Hunden prima klar kommt.<\/figcaption><\/figure>\n\n\n\n<figure class=\"wp-block-image size-large is-resized\"><img loading=\"lazy\" decoding=\"async\" src=\"https:\/\/i0.wp.com\/vonderheideducht.de\/wp-content\/uploads\/2023\/05\/5.jpg?resize=474%2C315&#038;ssl=1\" alt=\"\" class=\"wp-image-5995\" width=\"474\" height=\"315\" srcset=\"https:\/\/i0.wp.com\/vonderheideducht.de\/wp-content\/uploads\/2023\/05\/5.jpg?resize=1024%2C682&amp;ssl=1 1024w, https:\/\/i0.wp.com\/vonderheideducht.de\/wp-content\/uploads\/2023\/05\/5.jpg?resize=300%2C200&amp;ssl=1 300w, https:\/\/i0.wp.com\/vonderheideducht.de\/wp-content\/uploads\/2023\/05\/5.jpg?resize=768%2C512&amp;ssl=1 768w, https:\/\/i0.wp.com\/vonderheideducht.de\/wp-content\/uploads\/2023\/05\/5.jpg?w=1280&amp;ssl=1 1280w, https:\/\/i0.wp.com\/vonderheideducht.de\/wp-content\/uploads\/2023\/05\/5.jpg?w=948&amp;ssl=1 948w\" sizes=\"auto, (max-width: 474px) 100vw, 474px\" data-recalc-dims=\"1\" \/><\/figure>\n\n\n\n<figure class=\"wp-block-image size-large is-resized\"><img loading=\"lazy\" decoding=\"async\" src=\"https:\/\/i0.wp.com\/vonderheideducht.de\/wp-content\/uploads\/2023\/05\/7.jpg?resize=474%2C315&#038;ssl=1\" alt=\"\" class=\"wp-image-5998\" width=\"474\" height=\"315\" srcset=\"https:\/\/i0.wp.com\/vonderheideducht.de\/wp-content\/uploads\/2023\/05\/7.jpg?resize=1024%2C682&amp;ssl=1 1024w, https:\/\/i0.wp.com\/vonderheideducht.de\/wp-content\/uploads\/2023\/05\/7.jpg?resize=300%2C200&amp;ssl=1 300w, https:\/\/i0.wp.com\/vonderheideducht.de\/wp-content\/uploads\/2023\/05\/7.jpg?resize=768%2C512&amp;ssl=1 768w, https:\/\/i0.wp.com\/vonderheideducht.de\/wp-content\/uploads\/2023\/05\/7.jpg?w=1280&amp;ssl=1 1280w, https:\/\/i0.wp.com\/vonderheideducht.de\/wp-content\/uploads\/2023\/05\/7.jpg?w=948&amp;ssl=1 948w\" sizes=\"auto, (max-width: 474px) 100vw, 474px\" data-recalc-dims=\"1\" \/><figcaption class=\"wp-element-caption\">Louis u Hexe&nbsp;vorne, hinten Livanna ( Fan\u00b4&nbsp;Bis Cocker )<\/figcaption><\/figure>\n\n\n\n<figure class=\"wp-block-image size-large is-resized\"><img loading=\"lazy\" decoding=\"async\" src=\"https:\/\/i0.wp.com\/vonderheideducht.de\/wp-content\/uploads\/2023\/05\/6.jpg?resize=474%2C315&#038;ssl=1\" alt=\"\" class=\"wp-image-5996\" width=\"474\" height=\"315\" srcset=\"https:\/\/i0.wp.com\/vonderheideducht.de\/wp-content\/uploads\/2023\/05\/6.jpg?resize=1024%2C682&amp;ssl=1 1024w, https:\/\/i0.wp.com\/vonderheideducht.de\/wp-content\/uploads\/2023\/05\/6.jpg?resize=300%2C200&amp;ssl=1 300w, https:\/\/i0.wp.com\/vonderheideducht.de\/wp-content\/uploads\/2023\/05\/6.jpg?resize=768%2C512&amp;ssl=1 768w, https:\/\/i0.wp.com\/vonderheideducht.de\/wp-content\/uploads\/2023\/05\/6.jpg?w=1280&amp;ssl=1 1280w, https:\/\/i0.wp.com\/vonderheideducht.de\/wp-content\/uploads\/2023\/05\/6.jpg?w=948&amp;ssl=1 948w\" sizes=\"auto, (max-width: 474px) 100vw, 474px\" data-recalc-dims=\"1\" \/><figcaption class=\"wp-element-caption\">Louis u Hexe&nbsp;vorne, hinten Livanna ( Fan\u00b4&nbsp;Bis Cocker )<\/figcaption><\/figure>\n\n\n<div style=\"width: 474px;\" class=\"wp-video\"><video class=\"wp-video-shortcode\" id=\"video-5983-1\" width=\"474\" height=\"267\" preload=\"metadata\" controls=\"controls\"><source type=\"video\/mp4\" src=\"https:\/\/vonderheideducht.de\/wp-content\/uploads\/2023\/05\/cockertreffen2023.mp4?_=1\" \/><a href=\"https:\/\/vonderheideducht.de\/wp-content\/uploads\/2023\/05\/cockertreffen2023.mp4\">https:\/\/vonderheideducht.de\/wp-content\/uploads\/2023\/05\/cockertreffen2023.mp4<\/a><\/video><\/div>\n<p>&nbsp;<\/p>\n<p>&nbsp;<\/p>","protected":false},"excerpt":{"rendered":"<p>Nachdem wir durch Erk\u00e4ltungskrankheiten viele Absagen hatten, haben wir uns mit 18 Personen,&nbsp;&nbsp;9 Cockerspaniels und einem ehemaligen Stra\u00dfenhund auf dem Gel\u00e4nde der Mehrzweckhalle getroffen. Bei trockenem Wetter, 13 Grad und k\u00fchlem Ostwind sind wir mit G\u00e4sten, von denen Einige &nbsp;mit ihrem Wohnmobil aus Berlin,&nbsp;&nbsp;NRW&nbsp; und Kappeln sowie Flensburg angereist sind, haben wir im hinteren Bereich &hellip; <a href=\"https:\/\/vonderheideducht.de\/?p=5983\" class=\"more-link\"><span class=\"screen-reader-text\">Cockertreffen 07.05.2023<\/span> weiterlesen <span class=\"meta-nav\">&rarr;<\/span><\/a><\/p>\n","protected":false},"author":1,"featured_media":0,"comment_status":"closed","ping_status":"closed","sticky":false,"template":"","format":"standard","meta":{"ngg_post_thumbnail":0,"jetpack_post_was_ever_published":false,"_jetpack_newsletter_access":"","_jetpack_dont_email_post_to_subs":false,"_jetpack_newsletter_tier_id":0,"footnotes":"","jetpack_publicize_message":"","jetpack_publicize_feature_enabled":true,"jetpack_social_post_already_shared":true,"jetpack_social_options":{"image_generator_settings":{"template":"highway","enabled":false}}},"categories":[10,11],"tags":[],"class_list":["post-5983","post","type-post","status-publish","format-standard","hentry","category-aus-der-heideducht","category-unsere-cockertreffen"],"jetpack_publicize_connections":[],"jetpack_featured_media_url":"","jetpack_sharing_enabled":true,"jetpack_shortlink":"https:\/\/wp.me\/p71my5-1yv","jetpack_likes_enabled":true,"_links":{"self":[{"href":"https:\/\/vonderheideducht.de\/index.php?rest_route=\/wp\/v2\/posts\/5983","targetHints":{"allow":["GET"]}}],"collection":[{"href":"https:\/\/vonderheideducht.de\/index.php?rest_route=\/wp\/v2\/posts"}],"about":[{"href":"https:\/\/vonderheideducht.de\/index.php?rest_route=\/wp\/v2\/types\/post"}],"author":[{"embeddable":true,"href":"https:\/\/vonderheideducht.de\/index.php?rest_route=\/wp\/v2\/users\/1"}],"replies":[{"embeddable":true,"href":"https:\/\/vonderheideducht.de\/index.php?rest_route=%2Fwp%2Fv2%2Fcomments&post=5983"}],"version-history":[{"count":5,"href":"https:\/\/vonderheideducht.de\/index.php?rest_route=\/wp\/v2\/posts\/5983\/revisions"}],"predecessor-version":[{"id":6006,"href":"https:\/\/vonderheideducht.de\/index.php?rest_route=\/wp\/v2\/posts\/5983\/revisions\/6006"}],"wp:attachment":[{"href":"https:\/\/vonderheideducht.de\/index.php?rest_route=%2Fwp%2Fv2%2Fmedia&parent=5983"}],"wp:term":[{"taxonomy":"category","embeddable":true,"href":"https:\/\/vonderheideducht.de\/index.php?rest_route=%2Fwp%2Fv2%2Fcategories&post=5983"},{"taxonomy":"post_tag","embeddable":true,"href":"https:\/\/vonderheideducht.de\/index.php?rest_route=%2Fwp%2Fv2%2Ftags&post=5983"}],"curies":[{"name":"wp","href":"https:\/\/api.w.org\/{rel}","templated":true}]}}