{"id":6081,"date":"2024-01-05T12:33:15","date_gmt":"2024-01-05T11:33:15","guid":{"rendered":"https:\/\/vonderheideducht.de\/?p=6081"},"modified":"2024-01-25T13:05:49","modified_gmt":"2024-01-25T12:05:49","slug":"winterliche-gruesse","status":"publish","type":"post","link":"https:\/\/vonderheideducht.de\/?p=6081","title":{"rendered":"Start ins neue Jahr"},"content":{"rendered":"<p>Wir senden liebe Gr\u00fc\u00dfe und w\u00fcnschen einen sch\u00f6nen Start ins Jahr 2024!<\/p>\n<p>Und wir haben noch ein paar Inhalte aus dem letzten Jahr nachzuliefern, daher starten wir das neue Jahr mit Bildern von unseren zwei s\u00fcssen M\u00e4usen. Und zwar mit und ohne Bart ;o)&nbsp;<\/p>\n<p>Auf den folgenden Fotos hat Nele noch den Babybart&#8230;.<\/p>\n<p><img loading=\"lazy\" decoding=\"async\" class=\"alignnone size-full wp-image-6088\" src=\"https:\/\/i0.wp.com\/vonderheideducht.de\/wp-content\/uploads\/2024\/01\/PHOTO-2023-11-28-18-16-053.jpg?resize=474%2C356&#038;ssl=1\" alt=\"\" width=\"474\" height=\"356\" srcset=\"https:\/\/i0.wp.com\/vonderheideducht.de\/wp-content\/uploads\/2024\/01\/PHOTO-2023-11-28-18-16-053.jpg?w=2000&amp;ssl=1 2000w, https:\/\/i0.wp.com\/vonderheideducht.de\/wp-content\/uploads\/2024\/01\/PHOTO-2023-11-28-18-16-053.jpg?resize=300%2C225&amp;ssl=1 300w, https:\/\/i0.wp.com\/vonderheideducht.de\/wp-content\/uploads\/2024\/01\/PHOTO-2023-11-28-18-16-053.jpg?resize=1024%2C768&amp;ssl=1 1024w, https:\/\/i0.wp.com\/vonderheideducht.de\/wp-content\/uploads\/2024\/01\/PHOTO-2023-11-28-18-16-053.jpg?resize=768%2C576&amp;ssl=1 768w, https:\/\/i0.wp.com\/vonderheideducht.de\/wp-content\/uploads\/2024\/01\/PHOTO-2023-11-28-18-16-053.jpg?resize=1536%2C1152&amp;ssl=1 1536w, https:\/\/i0.wp.com\/vonderheideducht.de\/wp-content\/uploads\/2024\/01\/PHOTO-2023-11-28-18-16-053.jpg?w=948&amp;ssl=1 948w, https:\/\/i0.wp.com\/vonderheideducht.de\/wp-content\/uploads\/2024\/01\/PHOTO-2023-11-28-18-16-053.jpg?w=1422&amp;ssl=1 1422w\" sizes=\"auto, (max-width: 474px) 100vw, 474px\" data-recalc-dims=\"1\" \/><\/p>\n<p><img loading=\"lazy\" decoding=\"async\" class=\"alignnone size-full wp-image-6089\" src=\"https:\/\/i0.wp.com\/vonderheideducht.de\/wp-content\/uploads\/2024\/01\/PHOTO-2023-11-28-18-16-05.jpg?resize=474%2C632&#038;ssl=1\" alt=\"\" width=\"474\" height=\"632\" srcset=\"https:\/\/i0.wp.com\/vonderheideducht.de\/wp-content\/uploads\/2024\/01\/PHOTO-2023-11-28-18-16-05.jpg?w=1500&amp;ssl=1 1500w, https:\/\/i0.wp.com\/vonderheideducht.de\/wp-content\/uploads\/2024\/01\/PHOTO-2023-11-28-18-16-05.jpg?resize=225%2C300&amp;ssl=1 225w, https:\/\/i0.wp.com\/vonderheideducht.de\/wp-content\/uploads\/2024\/01\/PHOTO-2023-11-28-18-16-05.jpg?resize=768%2C1024&amp;ssl=1 768w, https:\/\/i0.wp.com\/vonderheideducht.de\/wp-content\/uploads\/2024\/01\/PHOTO-2023-11-28-18-16-05.jpg?resize=1152%2C1536&amp;ssl=1 1152w, https:\/\/i0.wp.com\/vonderheideducht.de\/wp-content\/uploads\/2024\/01\/PHOTO-2023-11-28-18-16-05.jpg?w=948&amp;ssl=1 948w, https:\/\/i0.wp.com\/vonderheideducht.de\/wp-content\/uploads\/2024\/01\/PHOTO-2023-11-28-18-16-05.jpg?w=1422&amp;ssl=1 1422w\" sizes=\"auto, (max-width: 474px) 100vw, 474px\" data-recalc-dims=\"1\" \/><\/p>\n<p><img loading=\"lazy\" decoding=\"async\" class=\"alignnone size-full wp-image-6090\" src=\"https:\/\/i0.wp.com\/vonderheideducht.de\/wp-content\/uploads\/2024\/01\/PHOTO-2023-11-28-18-16-052.jpg?resize=474%2C632&#038;ssl=1\" alt=\"\" width=\"474\" height=\"632\" srcset=\"https:\/\/i0.wp.com\/vonderheideducht.de\/wp-content\/uploads\/2024\/01\/PHOTO-2023-11-28-18-16-052.jpg?w=1500&amp;ssl=1 1500w, https:\/\/i0.wp.com\/vonderheideducht.de\/wp-content\/uploads\/2024\/01\/PHOTO-2023-11-28-18-16-052.jpg?resize=225%2C300&amp;ssl=1 225w, https:\/\/i0.wp.com\/vonderheideducht.de\/wp-content\/uploads\/2024\/01\/PHOTO-2023-11-28-18-16-052.jpg?resize=768%2C1024&amp;ssl=1 768w, https:\/\/i0.wp.com\/vonderheideducht.de\/wp-content\/uploads\/2024\/01\/PHOTO-2023-11-28-18-16-052.jpg?resize=1152%2C1536&amp;ssl=1 1152w, https:\/\/i0.wp.com\/vonderheideducht.de\/wp-content\/uploads\/2024\/01\/PHOTO-2023-11-28-18-16-052.jpg?w=948&amp;ssl=1 948w, https:\/\/i0.wp.com\/vonderheideducht.de\/wp-content\/uploads\/2024\/01\/PHOTO-2023-11-28-18-16-052.jpg?w=1422&amp;ssl=1 1422w\" sizes=\"auto, (max-width: 474px) 100vw, 474px\" data-recalc-dims=\"1\" \/><\/p>\n<p>&nbsp;<\/p>\n<p>und hier&#8230; ist der Babybart schon weg&#8230;&nbsp;<\/p>\n<p><img loading=\"lazy\" decoding=\"async\" class=\"alignnone size-full wp-image-6091\" src=\"https:\/\/i0.wp.com\/vonderheideducht.de\/wp-content\/uploads\/2024\/01\/PHOTO-2023-11-28-18-14-53.jpg?resize=474%2C632&#038;ssl=1\" alt=\"\" width=\"474\" height=\"632\" srcset=\"https:\/\/i0.wp.com\/vonderheideducht.de\/wp-content\/uploads\/2024\/01\/PHOTO-2023-11-28-18-14-53.jpg?w=1500&amp;ssl=1 1500w, https:\/\/i0.wp.com\/vonderheideducht.de\/wp-content\/uploads\/2024\/01\/PHOTO-2023-11-28-18-14-53.jpg?resize=225%2C300&amp;ssl=1 225w, https:\/\/i0.wp.com\/vonderheideducht.de\/wp-content\/uploads\/2024\/01\/PHOTO-2023-11-28-18-14-53.jpg?resize=768%2C1024&amp;ssl=1 768w, https:\/\/i0.wp.com\/vonderheideducht.de\/wp-content\/uploads\/2024\/01\/PHOTO-2023-11-28-18-14-53.jpg?resize=1152%2C1536&amp;ssl=1 1152w, https:\/\/i0.wp.com\/vonderheideducht.de\/wp-content\/uploads\/2024\/01\/PHOTO-2023-11-28-18-14-53.jpg?w=948&amp;ssl=1 948w, https:\/\/i0.wp.com\/vonderheideducht.de\/wp-content\/uploads\/2024\/01\/PHOTO-2023-11-28-18-14-53.jpg?w=1422&amp;ssl=1 1422w\" sizes=\"auto, (max-width: 474px) 100vw, 474px\" data-recalc-dims=\"1\" \/><\/p>\n<p><img loading=\"lazy\" decoding=\"async\" class=\"alignnone size-full wp-image-6092\" src=\"https:\/\/i0.wp.com\/vonderheideducht.de\/wp-content\/uploads\/2024\/01\/PHOTO-2023-11-28-18-14-543.jpg?resize=474%2C632&#038;ssl=1\" alt=\"\" width=\"474\" height=\"632\" srcset=\"https:\/\/i0.wp.com\/vonderheideducht.de\/wp-content\/uploads\/2024\/01\/PHOTO-2023-11-28-18-14-543.jpg?w=1500&amp;ssl=1 1500w, https:\/\/i0.wp.com\/vonderheideducht.de\/wp-content\/uploads\/2024\/01\/PHOTO-2023-11-28-18-14-543.jpg?resize=225%2C300&amp;ssl=1 225w, https:\/\/i0.wp.com\/vonderheideducht.de\/wp-content\/uploads\/2024\/01\/PHOTO-2023-11-28-18-14-543.jpg?resize=768%2C1024&amp;ssl=1 768w, https:\/\/i0.wp.com\/vonderheideducht.de\/wp-content\/uploads\/2024\/01\/PHOTO-2023-11-28-18-14-543.jpg?resize=1152%2C1536&amp;ssl=1 1152w, https:\/\/i0.wp.com\/vonderheideducht.de\/wp-content\/uploads\/2024\/01\/PHOTO-2023-11-28-18-14-543.jpg?w=948&amp;ssl=1 948w, https:\/\/i0.wp.com\/vonderheideducht.de\/wp-content\/uploads\/2024\/01\/PHOTO-2023-11-28-18-14-543.jpg?w=1422&amp;ssl=1 1422w\" sizes=\"auto, (max-width: 474px) 100vw, 474px\" data-recalc-dims=\"1\" \/><\/p>\n<p><img loading=\"lazy\" decoding=\"async\" class=\"alignnone size-full wp-image-6093\" src=\"https:\/\/i0.wp.com\/vonderheideducht.de\/wp-content\/uploads\/2024\/01\/PHOTO-2023-11-28-18-14-5113.jpg?resize=474%2C632&#038;ssl=1\" alt=\"\" width=\"474\" height=\"632\" srcset=\"https:\/\/i0.wp.com\/vonderheideducht.de\/wp-content\/uploads\/2024\/01\/PHOTO-2023-11-28-18-14-5113.jpg?w=1500&amp;ssl=1 1500w, https:\/\/i0.wp.com\/vonderheideducht.de\/wp-content\/uploads\/2024\/01\/PHOTO-2023-11-28-18-14-5113.jpg?resize=225%2C300&amp;ssl=1 225w, https:\/\/i0.wp.com\/vonderheideducht.de\/wp-content\/uploads\/2024\/01\/PHOTO-2023-11-28-18-14-5113.jpg?resize=768%2C1024&amp;ssl=1 768w, https:\/\/i0.wp.com\/vonderheideducht.de\/wp-content\/uploads\/2024\/01\/PHOTO-2023-11-28-18-14-5113.jpg?resize=1152%2C1536&amp;ssl=1 1152w, https:\/\/i0.wp.com\/vonderheideducht.de\/wp-content\/uploads\/2024\/01\/PHOTO-2023-11-28-18-14-5113.jpg?w=948&amp;ssl=1 948w, https:\/\/i0.wp.com\/vonderheideducht.de\/wp-content\/uploads\/2024\/01\/PHOTO-2023-11-28-18-14-5113.jpg?w=1422&amp;ssl=1 1422w\" sizes=\"auto, (max-width: 474px) 100vw, 474px\" data-recalc-dims=\"1\" \/><\/p>\n","protected":false},"excerpt":{"rendered":"<p>Wir senden liebe Gr\u00fc\u00dfe und w\u00fcnschen einen sch\u00f6nen Start ins Jahr 2024! Und wir haben noch ein paar Inhalte aus dem letzten Jahr nachzuliefern, daher starten wir das neue Jahr mit Bildern von unseren zwei s\u00fcssen M\u00e4usen. Und zwar mit und ohne Bart ;o)&nbsp; Auf den folgenden Fotos hat Nele noch den Babybart&#8230;. &nbsp; und &hellip; <a href=\"https:\/\/vonderheideducht.de\/?p=6081\" class=\"more-link\"><span class=\"screen-reader-text\">Start ins neue Jahr<\/span> weiterlesen <span class=\"meta-nav\">&rarr;<\/span><\/a><\/p>\n","protected":false},"author":1,"featured_media":0,"comment_status":"closed","ping_status":"closed","sticky":false,"template":"","format":"image","meta":{"ngg_post_thumbnail":0,"jetpack_post_was_ever_published":true,"_jetpack_newsletter_access":"","_jetpack_dont_email_post_to_subs":false,"_jetpack_newsletter_tier_id":0,"footnotes":"","jetpack_publicize_message":"","jetpack_publicize_feature_enabled":true,"jetpack_social_post_already_shared":true,"jetpack_social_options":{"image_generator_settings":{"template":"highway","enabled":false}}},"categories":[10],"tags":[],"class_list":["post-6081","post","type-post","status-publish","format-image","hentry","category-aus-der-heideducht","post_format-post-format-image"],"jetpack_publicize_connections":[],"jetpack_featured_media_url":"","jetpack_sharing_enabled":true,"jetpack_shortlink":"https:\/\/wp.me\/p71my5-1A5","jetpack_likes_enabled":true,"_links":{"self":[{"href":"https:\/\/vonderheideducht.de\/index.php?rest_route=\/wp\/v2\/posts\/6081","targetHints":{"allow":["GET"]}}],"collection":[{"href":"https:\/\/vonderheideducht.de\/index.php?rest_route=\/wp\/v2\/posts"}],"about":[{"href":"https:\/\/vonderheideducht.de\/index.php?rest_route=\/wp\/v2\/types\/post"}],"author":[{"embeddable":true,"href":"https:\/\/vonderheideducht.de\/index.php?rest_route=\/wp\/v2\/users\/1"}],"replies":[{"embeddable":true,"href":"https:\/\/vonderheideducht.de\/index.php?rest_route=%2Fwp%2Fv2%2Fcomments&post=6081"}],"version-history":[{"count":8,"href":"https:\/\/vonderheideducht.de\/index.php?rest_route=\/wp\/v2\/posts\/6081\/revisions"}],"predecessor-version":[{"id":6098,"href":"https:\/\/vonderheideducht.de\/index.php?rest_route=\/wp\/v2\/posts\/6081\/revisions\/6098"}],"wp:attachment":[{"href":"https:\/\/vonderheideducht.de\/index.php?rest_route=%2Fwp%2Fv2%2Fmedia&parent=6081"}],"wp:term":[{"taxonomy":"category","embeddable":true,"href":"https:\/\/vonderheideducht.de\/index.php?rest_route=%2Fwp%2Fv2%2Fcategories&post=6081"},{"taxonomy":"post_tag","embeddable":true,"href":"https:\/\/vonderheideducht.de\/index.php?rest_route=%2Fwp%2Fv2%2Ftags&post=6081"}],"curies":[{"name":"wp","href":"https:\/\/api.w.org\/{rel}","templated":true}]}}