{"id":6206,"date":"2024-09-01T21:39:57","date_gmt":"2024-09-01T19:39:57","guid":{"rendered":"https:\/\/vonderheideducht.de\/?p=6206"},"modified":"2024-09-16T21:48:32","modified_gmt":"2024-09-16T19:48:32","slug":"zuchtzulassung-fuer-nele","status":"publish","type":"post","link":"https:\/\/vonderheideducht.de\/?p=6206","title":{"rendered":"Zuchtzulassung f\u00fcr Nele"},"content":{"rendered":"<p>Anfang August haben wir unsere Nele zur Zuchtzulassungspr\u00fcfung vorgestellt und k\u00f6nnen stolz verk\u00fcnden, dass wir die Zuchtzulassung erhalten haben!<\/p>\n<p><img loading=\"lazy\" decoding=\"async\" class=\"alignnone  wp-image-6211\" src=\"https:\/\/i0.wp.com\/vonderheideducht.de\/wp-content\/uploads\/2024\/09\/Bildschirmfoto-2024-09-16-um-21.33.18.jpeg?resize=325%2C703&#038;ssl=1\" alt=\"\" width=\"325\" height=\"703\" srcset=\"https:\/\/i0.wp.com\/vonderheideducht.de\/wp-content\/uploads\/2024\/09\/Bildschirmfoto-2024-09-16-um-21.33.18.jpeg?w=828&amp;ssl=1 828w, https:\/\/i0.wp.com\/vonderheideducht.de\/wp-content\/uploads\/2024\/09\/Bildschirmfoto-2024-09-16-um-21.33.18.jpeg?resize=139%2C300&amp;ssl=1 139w, https:\/\/i0.wp.com\/vonderheideducht.de\/wp-content\/uploads\/2024\/09\/Bildschirmfoto-2024-09-16-um-21.33.18.jpeg?resize=473%2C1024&amp;ssl=1 473w, https:\/\/i0.wp.com\/vonderheideducht.de\/wp-content\/uploads\/2024\/09\/Bildschirmfoto-2024-09-16-um-21.33.18.jpeg?resize=768%2C1662&amp;ssl=1 768w, https:\/\/i0.wp.com\/vonderheideducht.de\/wp-content\/uploads\/2024\/09\/Bildschirmfoto-2024-09-16-um-21.33.18.jpeg?resize=710%2C1536&amp;ssl=1 710w\" sizes=\"auto, (max-width: 325px) 100vw, 325px\" data-recalc-dims=\"1\" \/><\/p>\n<p>Unsere Prinzessin:<\/p>\n<p><img loading=\"lazy\" decoding=\"async\" class=\"alignnone size-full wp-image-6207\" src=\"https:\/\/i0.wp.com\/vonderheideducht.de\/wp-content\/uploads\/2024\/09\/PHOTO-2024-08-10-13-46-14-1.jpg?resize=474%2C632&#038;ssl=1\" alt=\"\" width=\"474\" height=\"632\" srcset=\"https:\/\/i0.wp.com\/vonderheideducht.de\/wp-content\/uploads\/2024\/09\/PHOTO-2024-08-10-13-46-14-1.jpg?w=1200&amp;ssl=1 1200w, https:\/\/i0.wp.com\/vonderheideducht.de\/wp-content\/uploads\/2024\/09\/PHOTO-2024-08-10-13-46-14-1.jpg?resize=225%2C300&amp;ssl=1 225w, https:\/\/i0.wp.com\/vonderheideducht.de\/wp-content\/uploads\/2024\/09\/PHOTO-2024-08-10-13-46-14-1.jpg?resize=768%2C1024&amp;ssl=1 768w, https:\/\/i0.wp.com\/vonderheideducht.de\/wp-content\/uploads\/2024\/09\/PHOTO-2024-08-10-13-46-14-1.jpg?resize=1152%2C1536&amp;ssl=1 1152w, https:\/\/i0.wp.com\/vonderheideducht.de\/wp-content\/uploads\/2024\/09\/PHOTO-2024-08-10-13-46-14-1.jpg?w=948&amp;ssl=1 948w\" sizes=\"auto, (max-width: 474px) 100vw, 474px\" data-recalc-dims=\"1\" \/><\/p>\n<p><img loading=\"lazy\" decoding=\"async\" class=\"alignnone size-full wp-image-6208\" src=\"https:\/\/i0.wp.com\/vonderheideducht.de\/wp-content\/uploads\/2024\/09\/PHOTO-2024-08-10-13-46-14-2.jpg?resize=474%2C692&#038;ssl=1\" alt=\"\" width=\"474\" height=\"692\" srcset=\"https:\/\/i0.wp.com\/vonderheideducht.de\/wp-content\/uploads\/2024\/09\/PHOTO-2024-08-10-13-46-14-2.jpg?w=1096&amp;ssl=1 1096w, https:\/\/i0.wp.com\/vonderheideducht.de\/wp-content\/uploads\/2024\/09\/PHOTO-2024-08-10-13-46-14-2.jpg?resize=206%2C300&amp;ssl=1 206w, https:\/\/i0.wp.com\/vonderheideducht.de\/wp-content\/uploads\/2024\/09\/PHOTO-2024-08-10-13-46-14-2.jpg?resize=701%2C1024&amp;ssl=1 701w, https:\/\/i0.wp.com\/vonderheideducht.de\/wp-content\/uploads\/2024\/09\/PHOTO-2024-08-10-13-46-14-2.jpg?resize=768%2C1121&amp;ssl=1 768w, https:\/\/i0.wp.com\/vonderheideducht.de\/wp-content\/uploads\/2024\/09\/PHOTO-2024-08-10-13-46-14-2.jpg?resize=1052%2C1536&amp;ssl=1 1052w, https:\/\/i0.wp.com\/vonderheideducht.de\/wp-content\/uploads\/2024\/09\/PHOTO-2024-08-10-13-46-14-2.jpg?w=948&amp;ssl=1 948w\" sizes=\"auto, (max-width: 474px) 100vw, 474px\" data-recalc-dims=\"1\" \/><\/p>\n<p><img loading=\"lazy\" decoding=\"async\" class=\"alignnone size-full wp-image-6209\" src=\"https:\/\/i0.wp.com\/vonderheideducht.de\/wp-content\/uploads\/2024\/09\/PHOTO-2024-08-10-13-46-14.jpg?resize=474%2C632&#038;ssl=1\" alt=\"\" width=\"474\" height=\"632\" srcset=\"https:\/\/i0.wp.com\/vonderheideducht.de\/wp-content\/uploads\/2024\/09\/PHOTO-2024-08-10-13-46-14.jpg?w=1200&amp;ssl=1 1200w, https:\/\/i0.wp.com\/vonderheideducht.de\/wp-content\/uploads\/2024\/09\/PHOTO-2024-08-10-13-46-14.jpg?resize=225%2C300&amp;ssl=1 225w, https:\/\/i0.wp.com\/vonderheideducht.de\/wp-content\/uploads\/2024\/09\/PHOTO-2024-08-10-13-46-14.jpg?resize=768%2C1024&amp;ssl=1 768w, https:\/\/i0.wp.com\/vonderheideducht.de\/wp-content\/uploads\/2024\/09\/PHOTO-2024-08-10-13-46-14.jpg?resize=1152%2C1536&amp;ssl=1 1152w, https:\/\/i0.wp.com\/vonderheideducht.de\/wp-content\/uploads\/2024\/09\/PHOTO-2024-08-10-13-46-14.jpg?w=948&amp;ssl=1 948w\" sizes=\"auto, (max-width: 474px) 100vw, 474px\" data-recalc-dims=\"1\" \/><\/p>\n<p>Wir warten nun noch auf die HD Auswertung vom Club und auch auf die PRA Auswertung .. und dann.,,, \ud83d\ude09<\/p>\n<p>&nbsp;<\/p>\n","protected":false},"excerpt":{"rendered":"<p>Anfang August haben wir unsere Nele zur Zuchtzulassungspr\u00fcfung vorgestellt und k\u00f6nnen stolz verk\u00fcnden, dass wir die Zuchtzulassung erhalten haben! Unsere Prinzessin: Wir warten nun noch auf die HD Auswertung vom Club und auch auf die PRA Auswertung .. und dann.,,, \ud83d\ude09 &nbsp;<\/p>\n","protected":false},"author":1,"featured_media":0,"comment_status":"closed","ping_status":"closed","sticky":false,"template":"","format":"standard","meta":{"ngg_post_thumbnail":0,"jetpack_post_was_ever_published":false,"_jetpack_newsletter_access":"","_jetpack_dont_email_post_to_subs":false,"_jetpack_newsletter_tier_id":0,"footnotes":"","jetpack_publicize_message":"","jetpack_publicize_feature_enabled":true,"jetpack_social_post_already_shared":true,"jetpack_social_options":{"image_generator_settings":{"template":"highway","enabled":false}}},"categories":[10],"tags":[],"class_list":["post-6206","post","type-post","status-publish","format-standard","hentry","category-aus-der-heideducht"],"jetpack_publicize_connections":[],"jetpack_featured_media_url":"","jetpack_sharing_enabled":true,"jetpack_shortlink":"https:\/\/wp.me\/p71my5-1C6","jetpack_likes_enabled":true,"_links":{"self":[{"href":"https:\/\/vonderheideducht.de\/index.php?rest_route=\/wp\/v2\/posts\/6206","targetHints":{"allow":["GET"]}}],"collection":[{"href":"https:\/\/vonderheideducht.de\/index.php?rest_route=\/wp\/v2\/posts"}],"about":[{"href":"https:\/\/vonderheideducht.de\/index.php?rest_route=\/wp\/v2\/types\/post"}],"author":[{"embeddable":true,"href":"https:\/\/vonderheideducht.de\/index.php?rest_route=\/wp\/v2\/users\/1"}],"replies":[{"embeddable":true,"href":"https:\/\/vonderheideducht.de\/index.php?rest_route=%2Fwp%2Fv2%2Fcomments&post=6206"}],"version-history":[{"count":3,"href":"https:\/\/vonderheideducht.de\/index.php?rest_route=\/wp\/v2\/posts\/6206\/revisions"}],"predecessor-version":[{"id":6213,"href":"https:\/\/vonderheideducht.de\/index.php?rest_route=\/wp\/v2\/posts\/6206\/revisions\/6213"}],"wp:attachment":[{"href":"https:\/\/vonderheideducht.de\/index.php?rest_route=%2Fwp%2Fv2%2Fmedia&parent=6206"}],"wp:term":[{"taxonomy":"category","embeddable":true,"href":"https:\/\/vonderheideducht.de\/index.php?rest_route=%2Fwp%2Fv2%2Fcategories&post=6206"},{"taxonomy":"post_tag","embeddable":true,"href":"https:\/\/vonderheideducht.de\/index.php?rest_route=%2Fwp%2Fv2%2Ftags&post=6206"}],"curies":[{"name":"wp","href":"https:\/\/api.w.org\/{rel}","templated":true}]}}