{"id":639,"date":"2015-01-03T14:06:39","date_gmt":"2015-01-03T13:06:39","guid":{"rendered":"http:\/\/www.heideducht.de\/test\/blog\/?p=639"},"modified":"2015-12-20T14:09:00","modified_gmt":"2015-12-20T13:09:00","slug":"neues-von-den-luetten","status":"publish","type":"post","link":"https:\/\/vonderheideducht.de\/?p=639","title":{"rendered":"Neues von den L\u00fctten"},"content":{"rendered":"<p>Der kleine Huutch ist nun auch vergeben &#8211; er findet ein sch\u00f6nes Zuhause bei Alf in Bremen! Alf wird am 05.01.2015 stolze 15 Jahre alt und wird Huutch ein lieber Gef\u00e4hrte.<\/p>\n<p>Zu vergeben sind nun noch die kleine Hazel und der kleine Hoss!<\/p>\n<p>Ein paar Problemchen gab es \u00fcber Silvester &#8211; Nena, die \u00dcbermutti, die freiwillig keine Sekunde ihre Welpen alleine l\u00e4sst, hatte wohl eine kleine postnatale Depression und war ein wenig \u00fcberfordert mit 5 Welpen. So kam es dazu, dass Nena sich nach dem Stillen \u00fcber die Welpen gestellt hat und der kleine Hoss von ihr ins Ohr gebissen wurde. Er hat nat\u00fcrlich kr\u00e4ftig geweint, aber es ist Gott sei Dank keine schlimme Wunde und wird in ein paar Tagen nicht mehr zu sehen sein.<\/p>\n<p>Nena wird nun nach der F\u00fctterung von den Welpen getrennt, damit sie sich auch mal um sich selbst k\u00fcmmern kann &#8211; ein paar Stunden Schlaf und Erholung nach so einer schweren Geburt tun ihr gut! Dazu ein paar hom\u00f6opathische Mittel &#8211; und es geht ihr nun schon sichtlich besser, sie ist weniger gestresst und kann sich somit dann auch entspannter um ihre Babys k\u00fcmmern!<\/p>\n<p>Es gibt nat\u00fcrlich auch wieder ein paar sch\u00f6ne Bilder:<\/p>\n<div class='polaroid-gallery galleryid-639' style='width:340px;'>\n\t\t\t<a href=\"https:\/\/i0.wp.com\/vonderheideducht.de\/wp-content\/uploads\/2015\/12\/welpen_0029.jpg?fit=474%2C313&ssl=1\" title=\"welpen_0029\" rel=\"polaroid_732736279\" class=\"polaroid-gallery-item showcaption\"><span class=\"polaroid-gallery-image\" title=\"\" style=\"background-image: url(https:\/\/i0.wp.com\/vonderheideducht.de\/wp-content\/uploads\/2015\/12\/welpen_0029.jpg?resize=150%2C150&ssl=1); width: 150px; height: 150px;\"><\/span><\/a>\n\t\t\t<a href=\"https:\/\/i0.wp.com\/vonderheideducht.de\/wp-content\/uploads\/2015\/12\/welpen_0030.jpg?fit=474%2C313&ssl=1\" title=\"welpen_0030\" rel=\"polaroid_732736279\" class=\"polaroid-gallery-item showcaption\"><span class=\"polaroid-gallery-image\" title=\"\" style=\"background-image: url(https:\/\/i0.wp.com\/vonderheideducht.de\/wp-content\/uploads\/2015\/12\/welpen_0030.jpg?resize=150%2C150&ssl=1); width: 150px; height: 150px;\"><\/span><\/a>\n\t\t\t<br style=\"clear: both;\" \/>\n\t\t\t<a href=\"https:\/\/i0.wp.com\/vonderheideducht.de\/wp-content\/uploads\/2015\/12\/welpen_0031.jpg?fit=474%2C313&ssl=1\" title=\"welpen_0031\" rel=\"polaroid_732736279\" class=\"polaroid-gallery-item showcaption\"><span class=\"polaroid-gallery-image\" title=\"\" style=\"background-image: url(https:\/\/i0.wp.com\/vonderheideducht.de\/wp-content\/uploads\/2015\/12\/welpen_0031.jpg?resize=150%2C150&ssl=1); width: 150px; height: 150px;\"><\/span><\/a>\n\t\t\t<a href=\"https:\/\/i0.wp.com\/vonderheideducht.de\/wp-content\/uploads\/2015\/12\/welpen_0032.jpg?fit=474%2C313&ssl=1\" title=\"welpen_0032\" rel=\"polaroid_732736279\" class=\"polaroid-gallery-item showcaption\"><span class=\"polaroid-gallery-image\" title=\"\" style=\"background-image: url(https:\/\/i0.wp.com\/vonderheideducht.de\/wp-content\/uploads\/2015\/12\/welpen_0032.jpg?resize=150%2C150&ssl=1); width: 150px; height: 150px;\"><\/span><\/a>\n\t\t\t<br style=\"clear: both;\" \/>\n\t\t\t<a href=\"https:\/\/i0.wp.com\/vonderheideducht.de\/wp-content\/uploads\/2015\/12\/welpen_0033.jpg?fit=474%2C313&ssl=1\" title=\"welpen_0033\" rel=\"polaroid_732736279\" class=\"polaroid-gallery-item showcaption\"><span class=\"polaroid-gallery-image\" title=\"\" style=\"background-image: url(https:\/\/i0.wp.com\/vonderheideducht.de\/wp-content\/uploads\/2015\/12\/welpen_0033.jpg?resize=150%2C150&ssl=1); width: 150px; height: 150px;\"><\/span><\/a>\n\t\t\t<a href=\"https:\/\/i0.wp.com\/vonderheideducht.de\/wp-content\/uploads\/2015\/12\/welpen_0034.jpg?fit=474%2C313&ssl=1\" title=\"welpen_0034\" rel=\"polaroid_732736279\" class=\"polaroid-gallery-item showcaption\"><span class=\"polaroid-gallery-image\" title=\"\" style=\"background-image: url(https:\/\/i0.wp.com\/vonderheideducht.de\/wp-content\/uploads\/2015\/12\/welpen_0034.jpg?resize=150%2C150&ssl=1); width: 150px; height: 150px;\"><\/span><\/a>\n\t\t\t<br style=\"clear: both;\" \/>\n\t\t\t<a href=\"https:\/\/i0.wp.com\/vonderheideducht.de\/wp-content\/uploads\/2015\/12\/welpen_0035.jpg?fit=474%2C313&ssl=1\" title=\"welpen_0035\" rel=\"polaroid_732736279\" class=\"polaroid-gallery-item showcaption\"><span class=\"polaroid-gallery-image\" title=\"\" style=\"background-image: url(https:\/\/i0.wp.com\/vonderheideducht.de\/wp-content\/uploads\/2015\/12\/welpen_0035.jpg?resize=150%2C150&ssl=1); width: 150px; height: 150px;\"><\/span><\/a>\n\t\t\t<a href=\"https:\/\/i0.wp.com\/vonderheideducht.de\/wp-content\/uploads\/2015\/12\/welpen_0036.jpg?fit=474%2C313&ssl=1\" title=\"welpen_0036\" rel=\"polaroid_732736279\" class=\"polaroid-gallery-item showcaption\"><span class=\"polaroid-gallery-image\" title=\"\" style=\"background-image: url(https:\/\/i0.wp.com\/vonderheideducht.de\/wp-content\/uploads\/2015\/12\/welpen_0036.jpg?resize=150%2C150&ssl=1); width: 150px; height: 150px;\"><\/span><\/a>\n\t\t\t<br style=\"clear: both;\" \/><\/div>\n\n","protected":false},"excerpt":{"rendered":"<p>Der kleine Huutch ist nun auch vergeben &#8211; er findet ein sch\u00f6nes Zuhause bei Alf in Bremen! Alf wird am 05.01.2015 stolze 15 Jahre alt und wird Huutch ein lieber Gef\u00e4hrte. Zu vergeben sind nun noch die kleine Hazel und der kleine Hoss! Ein paar Problemchen gab es \u00fcber Silvester &#8211; Nena, die \u00dcbermutti, die &hellip; <a href=\"https:\/\/vonderheideducht.de\/?p=639\" class=\"more-link\"><span class=\"screen-reader-text\">Neues von den L\u00fctten<\/span> weiterlesen <span class=\"meta-nav\">&rarr;<\/span><\/a><\/p>\n","protected":false},"author":1,"featured_media":0,"comment_status":"open","ping_status":"closed","sticky":false,"template":"","format":"standard","meta":{"ngg_post_thumbnail":0,"jetpack_post_was_ever_published":false,"_jetpack_newsletter_access":"","_jetpack_dont_email_post_to_subs":false,"_jetpack_newsletter_tier_id":0,"footnotes":"","jetpack_publicize_message":"","jetpack_publicize_feature_enabled":true,"jetpack_social_post_already_shared":true,"jetpack_social_options":{"image_generator_settings":{"template":"highway","enabled":false}}},"categories":[12],"tags":[],"class_list":["post-639","post","type-post","status-publish","format-standard","hentry","category-welpentagebuch-h-wurf"],"jetpack_publicize_connections":[],"jetpack_featured_media_url":"","jetpack_sharing_enabled":true,"jetpack_shortlink":"https:\/\/wp.me\/p71my5-aj","jetpack_likes_enabled":true,"_links":{"self":[{"href":"https:\/\/vonderheideducht.de\/index.php?rest_route=\/wp\/v2\/posts\/639","targetHints":{"allow":["GET"]}}],"collection":[{"href":"https:\/\/vonderheideducht.de\/index.php?rest_route=\/wp\/v2\/posts"}],"about":[{"href":"https:\/\/vonderheideducht.de\/index.php?rest_route=\/wp\/v2\/types\/post"}],"author":[{"embeddable":true,"href":"https:\/\/vonderheideducht.de\/index.php?rest_route=\/wp\/v2\/users\/1"}],"replies":[{"embeddable":true,"href":"https:\/\/vonderheideducht.de\/index.php?rest_route=%2Fwp%2Fv2%2Fcomments&post=639"}],"version-history":[{"count":2,"href":"https:\/\/vonderheideducht.de\/index.php?rest_route=\/wp\/v2\/posts\/639\/revisions"}],"predecessor-version":[{"id":641,"href":"https:\/\/vonderheideducht.de\/index.php?rest_route=\/wp\/v2\/posts\/639\/revisions\/641"}],"wp:attachment":[{"href":"https:\/\/vonderheideducht.de\/index.php?rest_route=%2Fwp%2Fv2%2Fmedia&parent=639"}],"wp:term":[{"taxonomy":"category","embeddable":true,"href":"https:\/\/vonderheideducht.de\/index.php?rest_route=%2Fwp%2Fv2%2Fcategories&post=639"},{"taxonomy":"post_tag","embeddable":true,"href":"https:\/\/vonderheideducht.de\/index.php?rest_route=%2Fwp%2Fv2%2Ftags&post=639"}],"curies":[{"name":"wp","href":"https:\/\/api.w.org\/{rel}","templated":true}]}}