{"id":699,"date":"2015-01-29T15:04:17","date_gmt":"2015-01-29T14:04:17","guid":{"rendered":"http:\/\/www.heideducht.de\/test\/blog\/?p=699"},"modified":"2015-12-31T13:39:54","modified_gmt":"2015-12-31T12:39:54","slug":"traurige-nachrichten-von-hazel","status":"publish","type":"post","link":"https:\/\/vonderheideducht.de\/?p=699","title":{"rendered":"Traurige Nachrichten von Hazel"},"content":{"rendered":"<p>Traurige Nachrichten&#8230;..<\/p>\n<p>Ein schlimmer Schicksalsschlag traf uns leider in der Heideducht&#8230;.<\/p>\n<p>So sch\u00f6n es bei uns am Deich auch ist, mit Wind und Wetter, so ist grade der Wind unserer kleinen s\u00fcssen Hazel zum Verh\u00e4ngnis geworden.<br \/>\nEine heftige Windboe ri\u00df unsere Haust\u00fcr pl\u00f6tzlich heftig nach aussen auf, als Nena mit den Welpen draussen war.<br \/>\nHinter der Haust\u00fcr aber sa\u00df die kleine Hazel und spielte&#8230;.<br \/>\nHazel wurde heftig am Kopf getroffen und war sofort bewusstlos. Leider ist sie nicht wieder aufgewacht, sie starb aufgrund der Schwere der Kopfverletzung wenige Minuten sp\u00e4ter.<br \/>\nWir sind tief best\u00fcrzt und unsagbar traurig \u00fcber dieses schlimme Ungl\u00fcck.<\/p>\n<p>Wir haben die kleine Maus neben Dicksche im Garten begraben.<\/p>\n<p><a href=\"https:\/\/i0.wp.com\/vonderheideducht.de\/blog\/wp-content\/uploads\/2015\/12\/hazelgrab.jpg?ssl=1\" rel=\"attachment wp-att-700\"><img loading=\"lazy\" decoding=\"async\" class=\"alignnone size-full wp-image-700\" src=\"https:\/\/i0.wp.com\/vonderheideducht.de\/blog\/wp-content\/uploads\/2015\/12\/hazelgrab.jpg?resize=474%2C313&#038;ssl=1\" alt=\"Hazels Grab\" width=\"474\" height=\"313\" srcset=\"https:\/\/i0.wp.com\/vonderheideducht.de\/wp-content\/uploads\/2015\/12\/hazelgrab.jpg?w=500&amp;ssl=1 500w, https:\/\/i0.wp.com\/vonderheideducht.de\/wp-content\/uploads\/2015\/12\/hazelgrab.jpg?resize=300%2C198&amp;ssl=1 300w\" sizes=\"auto, (max-width: 474px) 100vw, 474px\" data-recalc-dims=\"1\" \/><\/a><\/p>\n<p><a href=\"https:\/\/i0.wp.com\/vonderheideducht.de\/blog\/wp-content\/uploads\/2015\/12\/hazelgrab2.jpg?ssl=1\" rel=\"attachment wp-att-701\"><img loading=\"lazy\" decoding=\"async\" class=\"alignnone size-full wp-image-701\" src=\"https:\/\/i0.wp.com\/vonderheideducht.de\/blog\/wp-content\/uploads\/2015\/12\/hazelgrab2.jpg?resize=474%2C313&#038;ssl=1\" alt=\"Hazels Grab\" width=\"474\" height=\"313\" srcset=\"https:\/\/i0.wp.com\/vonderheideducht.de\/wp-content\/uploads\/2015\/12\/hazelgrab2.jpg?w=500&amp;ssl=1 500w, https:\/\/i0.wp.com\/vonderheideducht.de\/wp-content\/uploads\/2015\/12\/hazelgrab2.jpg?resize=300%2C198&amp;ssl=1 300w\" sizes=\"auto, (max-width: 474px) 100vw, 474px\" data-recalc-dims=\"1\" \/><\/a><\/p>\n<p>&nbsp;<\/p>\n<p>&nbsp;<\/p>\n","protected":false},"excerpt":{"rendered":"<p>Traurige Nachrichten&#8230;.. Ein schlimmer Schicksalsschlag traf uns leider in der Heideducht&#8230;. So sch\u00f6n es bei uns am Deich auch ist, mit Wind und Wetter, so ist grade der Wind unserer kleinen s\u00fcssen Hazel zum Verh\u00e4ngnis geworden. Eine heftige Windboe ri\u00df unsere Haust\u00fcr pl\u00f6tzlich heftig nach aussen auf, als Nena mit den Welpen draussen war. Hinter &hellip; <a href=\"https:\/\/vonderheideducht.de\/?p=699\" class=\"more-link\"><span class=\"screen-reader-text\">Traurige Nachrichten von Hazel<\/span> weiterlesen <span class=\"meta-nav\">&rarr;<\/span><\/a><\/p>\n","protected":false},"author":1,"featured_media":0,"comment_status":"open","ping_status":"closed","sticky":false,"template":"","format":"gallery","meta":{"ngg_post_thumbnail":0,"jetpack_post_was_ever_published":false,"_jetpack_newsletter_access":"","_jetpack_dont_email_post_to_subs":false,"_jetpack_newsletter_tier_id":0,"footnotes":"","jetpack_publicize_message":"","jetpack_publicize_feature_enabled":true,"jetpack_social_post_already_shared":true,"jetpack_social_options":{"image_generator_settings":{"template":"highway","enabled":false}}},"categories":[12],"tags":[],"class_list":["post-699","post","type-post","status-publish","format-gallery","hentry","category-welpentagebuch-h-wurf","post_format-post-format-gallery"],"jetpack_publicize_connections":[],"jetpack_featured_media_url":"","jetpack_sharing_enabled":true,"jetpack_shortlink":"https:\/\/wp.me\/p71my5-bh","jetpack_likes_enabled":true,"_links":{"self":[{"href":"https:\/\/vonderheideducht.de\/index.php?rest_route=\/wp\/v2\/posts\/699","targetHints":{"allow":["GET"]}}],"collection":[{"href":"https:\/\/vonderheideducht.de\/index.php?rest_route=\/wp\/v2\/posts"}],"about":[{"href":"https:\/\/vonderheideducht.de\/index.php?rest_route=\/wp\/v2\/types\/post"}],"author":[{"embeddable":true,"href":"https:\/\/vonderheideducht.de\/index.php?rest_route=\/wp\/v2\/users\/1"}],"replies":[{"embeddable":true,"href":"https:\/\/vonderheideducht.de\/index.php?rest_route=%2Fwp%2Fv2%2Fcomments&post=699"}],"version-history":[{"count":3,"href":"https:\/\/vonderheideducht.de\/index.php?rest_route=\/wp\/v2\/posts\/699\/revisions"}],"predecessor-version":[{"id":1538,"href":"https:\/\/vonderheideducht.de\/index.php?rest_route=\/wp\/v2\/posts\/699\/revisions\/1538"}],"wp:attachment":[{"href":"https:\/\/vonderheideducht.de\/index.php?rest_route=%2Fwp%2Fv2%2Fmedia&parent=699"}],"wp:term":[{"taxonomy":"category","embeddable":true,"href":"https:\/\/vonderheideducht.de\/index.php?rest_route=%2Fwp%2Fv2%2Fcategories&post=699"},{"taxonomy":"post_tag","embeddable":true,"href":"https:\/\/vonderheideducht.de\/index.php?rest_route=%2Fwp%2Fv2%2Ftags&post=699"}],"curies":[{"name":"wp","href":"https:\/\/api.w.org\/{rel}","templated":true}]}}