{"id":704,"date":"2015-01-31T15:07:28","date_gmt":"2015-01-31T14:07:28","guid":{"rendered":"http:\/\/www.heideducht.de\/test\/blog\/?p=704"},"modified":"2015-12-31T13:39:00","modified_gmt":"2015-12-31T12:39:00","slug":"nena-ist-verletzt","status":"publish","type":"post","link":"https:\/\/vonderheideducht.de\/?p=704","title":{"rendered":"Nena ist verletzt"},"content":{"rendered":"<p>Nena hat seit Donnerstag den Fu\u00df nicht mehr richtig aufgesetzt, so da\u00df wir mit ihr zum Tierarzt gefahren sind.<br \/>\nErst hie\u00df es, der Wurzelknochen sei gebrochen und sie mu\u00df operiert werden &#8211; die OP war dann f\u00fcr heute, 10.30 Uhr angesetzt. Gott sei dank ging es aber doch ohne OP!<\/p>\n<p>Nenas Fu\u00df ist zwar gebrochen, konnte aber gerichtet werden und ist nun in Gips.<\/p>\n<p>Wie genau das passiert ist, wissen wir nicht. Ob sie ungl\u00fccklich beim Rausspringen aus der Wurfkiste gelandet ist, oder sich draussen verletzt hat, bei gefrorenem Boden.. wir k\u00f6nnen es uns nicht wirklich erkl\u00e4ren.<\/p>\n<p>Aber Nena geht es gut &#8211; und das ist die Hauptsache!<\/p>\n<p><a href=\"https:\/\/i0.wp.com\/vonderheideducht.de\/blog\/wp-content\/uploads\/2015\/12\/nenabein.jpg?ssl=1\" rel=\"attachment wp-att-705\"><img loading=\"lazy\" decoding=\"async\" class=\"alignnone size-full wp-image-705\" src=\"https:\/\/i0.wp.com\/vonderheideducht.de\/blog\/wp-content\/uploads\/2015\/12\/nenabein.jpg?resize=474%2C313&#038;ssl=1\" alt=\"Nena verletzt\" width=\"474\" height=\"313\" srcset=\"https:\/\/i0.wp.com\/vonderheideducht.de\/wp-content\/uploads\/2015\/12\/nenabein.jpg?w=500&amp;ssl=1 500w, https:\/\/i0.wp.com\/vonderheideducht.de\/wp-content\/uploads\/2015\/12\/nenabein.jpg?resize=300%2C198&amp;ssl=1 300w\" sizes=\"auto, (max-width: 474px) 100vw, 474px\" data-recalc-dims=\"1\" \/><\/a><\/p>\n<p><a href=\"https:\/\/i0.wp.com\/vonderheideducht.de\/blog\/wp-content\/uploads\/2015\/12\/nenabein2.jpg?ssl=1\" rel=\"attachment wp-att-706\"><img loading=\"lazy\" decoding=\"async\" class=\"alignnone size-full wp-image-706\" src=\"https:\/\/i0.wp.com\/vonderheideducht.de\/blog\/wp-content\/uploads\/2015\/12\/nenabein2.jpg?resize=474%2C313&#038;ssl=1\" alt=\"Nena verletzt\" width=\"474\" height=\"313\" srcset=\"https:\/\/i0.wp.com\/vonderheideducht.de\/wp-content\/uploads\/2015\/12\/nenabein2.jpg?w=500&amp;ssl=1 500w, https:\/\/i0.wp.com\/vonderheideducht.de\/wp-content\/uploads\/2015\/12\/nenabein2.jpg?resize=300%2C198&amp;ssl=1 300w\" sizes=\"auto, (max-width: 474px) 100vw, 474px\" data-recalc-dims=\"1\" \/><\/a><\/p>\n<p>&nbsp;<\/p>\n<p>&nbsp;<\/p>\n","protected":false},"excerpt":{"rendered":"<p>Nena hat seit Donnerstag den Fu\u00df nicht mehr richtig aufgesetzt, so da\u00df wir mit ihr zum Tierarzt gefahren sind. Erst hie\u00df es, der Wurzelknochen sei gebrochen und sie mu\u00df operiert werden &#8211; die OP war dann f\u00fcr heute, 10.30 Uhr angesetzt. Gott sei dank ging es aber doch ohne OP! Nenas Fu\u00df ist zwar gebrochen, &hellip; <a href=\"https:\/\/vonderheideducht.de\/?p=704\" class=\"more-link\"><span class=\"screen-reader-text\">Nena ist verletzt<\/span> weiterlesen <span class=\"meta-nav\">&rarr;<\/span><\/a><\/p>\n","protected":false},"author":1,"featured_media":0,"comment_status":"open","ping_status":"closed","sticky":false,"template":"","format":"standard","meta":{"ngg_post_thumbnail":0,"jetpack_post_was_ever_published":false,"_jetpack_newsletter_access":"","_jetpack_dont_email_post_to_subs":false,"_jetpack_newsletter_tier_id":0,"footnotes":"","jetpack_publicize_message":"","jetpack_publicize_feature_enabled":true,"jetpack_social_post_already_shared":true,"jetpack_social_options":{"image_generator_settings":{"template":"highway","enabled":false}}},"categories":[12],"tags":[],"class_list":["post-704","post","type-post","status-publish","format-standard","hentry","category-welpentagebuch-h-wurf"],"jetpack_publicize_connections":[],"jetpack_featured_media_url":"","jetpack_sharing_enabled":true,"jetpack_shortlink":"https:\/\/wp.me\/p71my5-bm","jetpack_likes_enabled":true,"_links":{"self":[{"href":"https:\/\/vonderheideducht.de\/index.php?rest_route=\/wp\/v2\/posts\/704","targetHints":{"allow":["GET"]}}],"collection":[{"href":"https:\/\/vonderheideducht.de\/index.php?rest_route=\/wp\/v2\/posts"}],"about":[{"href":"https:\/\/vonderheideducht.de\/index.php?rest_route=\/wp\/v2\/types\/post"}],"author":[{"embeddable":true,"href":"https:\/\/vonderheideducht.de\/index.php?rest_route=\/wp\/v2\/users\/1"}],"replies":[{"embeddable":true,"href":"https:\/\/vonderheideducht.de\/index.php?rest_route=%2Fwp%2Fv2%2Fcomments&post=704"}],"version-history":[{"count":3,"href":"https:\/\/vonderheideducht.de\/index.php?rest_route=\/wp\/v2\/posts\/704\/revisions"}],"predecessor-version":[{"id":1537,"href":"https:\/\/vonderheideducht.de\/index.php?rest_route=\/wp\/v2\/posts\/704\/revisions\/1537"}],"wp:attachment":[{"href":"https:\/\/vonderheideducht.de\/index.php?rest_route=%2Fwp%2Fv2%2Fmedia&parent=704"}],"wp:term":[{"taxonomy":"category","embeddable":true,"href":"https:\/\/vonderheideducht.de\/index.php?rest_route=%2Fwp%2Fv2%2Fcategories&post=704"},{"taxonomy":"post_tag","embeddable":true,"href":"https:\/\/vonderheideducht.de\/index.php?rest_route=%2Fwp%2Fv2%2Ftags&post=704"}],"curies":[{"name":"wp","href":"https:\/\/api.w.org\/{rel}","templated":true}]}}