{"id":793,"date":"2011-12-10T14:26:25","date_gmt":"2011-12-10T13:26:25","guid":{"rendered":"http:\/\/www.heideducht.de\/test\/blog\/?p=793"},"modified":"2015-12-31T14:44:24","modified_gmt":"2015-12-31T13:44:24","slug":"nena-wird-in-ca-2-wochen-mama","status":"publish","type":"post","link":"https:\/\/vonderheideducht.de\/?p=793","title":{"rendered":"Nena wird in ca. 2 Wochen Mama!"},"content":{"rendered":"<p>ja, es ist bald soweit, in ca 2,5 Wochen wird Nena das erste Mal Mama!<\/p>\n<p><img loading=\"lazy\" decoding=\"async\" class=\"alignnone size-medium wp-image-800\" src=\"https:\/\/i0.wp.com\/vonderheideducht.de\/blog\/wp-content\/uploads\/2015\/12\/mamanena7-300x199.jpg?resize=300%2C199&#038;ssl=1\" alt=\"Mama Nena\" width=\"300\" height=\"199\" srcset=\"https:\/\/i0.wp.com\/vonderheideducht.de\/wp-content\/uploads\/2015\/12\/mamanena7.jpg?resize=300%2C199&amp;ssl=1 300w, https:\/\/i0.wp.com\/vonderheideducht.de\/wp-content\/uploads\/2015\/12\/mamanena7.jpg?w=500&amp;ssl=1 500w\" sizes=\"auto, (max-width: 300px) 100vw, 300px\" data-recalc-dims=\"1\" \/><\/p>\n<p><b>Nena hat wie es sich geh\u00f6rt, schon ganz t\u00fcchtig zugelegt &#8211; fast ein Kilo! Der Bauch wird immer dicker, das Ges\u00e4uge bildet sich heraus und der Brustkorb ist breiter geworden!<br \/>\nNena geht es gut! Beim Futter ist sie recht w\u00e4hlerisch geworden und pickt sich die besten St\u00fccke heraus. Gem\u00fcse muss nicht sein, lieber ein sch\u00f6nes saftiges St\u00fcckchen Fleisch, serviert von Herrchen, das schmeckt gut!<\/b><\/p>\n<p><b> Sie liebt es, umsorgt und umt\u00fcddelt zu werden &#8211; am Sch\u00f6nsten ist es f\u00fcr Nena in ihrem K\u00f6rbchen, auf dem R\u00fccken liegend! <\/b><\/p>\n<div class='polaroid-gallery galleryid-793' style='width:340px;'>\n\t\t\t<a href=\"https:\/\/i0.wp.com\/vonderheideducht.de\/wp-content\/uploads\/2015\/12\/mamanena2.jpg?fit=250%2C166&ssl=1\" title=\"Mama Nena\" rel=\"polaroid_528682759\" class=\"polaroid-gallery-item showcaption\"><span class=\"polaroid-gallery-image\" title=\"\" style=\"background-image: url(https:\/\/i0.wp.com\/vonderheideducht.de\/wp-content\/uploads\/2015\/12\/mamanena2.jpg?resize=150%2C150&ssl=1); width: 150px; height: 150px;\"><\/span><\/a>\n\t\t\t<a href=\"https:\/\/i0.wp.com\/vonderheideducht.de\/wp-content\/uploads\/2015\/12\/mamanena3.jpg?fit=250%2C166&ssl=1\" title=\"Mama Nena\" rel=\"polaroid_528682759\" class=\"polaroid-gallery-item showcaption\"><span class=\"polaroid-gallery-image\" title=\"\" style=\"background-image: url(https:\/\/i0.wp.com\/vonderheideducht.de\/wp-content\/uploads\/2015\/12\/mamanena3.jpg?resize=150%2C150&ssl=1); width: 150px; height: 150px;\"><\/span><\/a>\n\t\t\t<br style=\"clear: both;\" \/>\n\t\t\t<a href=\"https:\/\/i0.wp.com\/vonderheideducht.de\/wp-content\/uploads\/2015\/12\/mamanena4.jpg?fit=250%2C166&ssl=1\" title=\"Mama Nena\" rel=\"polaroid_528682759\" class=\"polaroid-gallery-item showcaption\"><span class=\"polaroid-gallery-image\" title=\"\" style=\"background-image: url(https:\/\/i0.wp.com\/vonderheideducht.de\/wp-content\/uploads\/2015\/12\/mamanena4.jpg?resize=150%2C150&ssl=1); width: 150px; height: 150px;\"><\/span><\/a>\n\t\t\t<a href=\"https:\/\/i0.wp.com\/vonderheideducht.de\/wp-content\/uploads\/2015\/12\/mamanena5.jpg?fit=250%2C166&ssl=1\" title=\"Mama Nena\" rel=\"polaroid_528682759\" class=\"polaroid-gallery-item showcaption\"><span class=\"polaroid-gallery-image\" title=\"\" style=\"background-image: url(https:\/\/i0.wp.com\/vonderheideducht.de\/wp-content\/uploads\/2015\/12\/mamanena5.jpg?resize=150%2C150&ssl=1); width: 150px; height: 150px;\"><\/span><\/a>\n\t\t\t<br style=\"clear: both;\" \/>\n\t\t\t<a href=\"https:\/\/i0.wp.com\/vonderheideducht.de\/wp-content\/uploads\/2015\/12\/mamanena6.jpg?fit=250%2C166&ssl=1\" title=\"Mama Nena\" rel=\"polaroid_528682759\" class=\"polaroid-gallery-item showcaption\"><span class=\"polaroid-gallery-image\" title=\"\" style=\"background-image: url(https:\/\/i0.wp.com\/vonderheideducht.de\/wp-content\/uploads\/2015\/12\/mamanena6.jpg?resize=150%2C150&ssl=1); width: 150px; height: 150px;\"><\/span><\/a>\n\t\t\t<br style=\"clear: both;\" \/><\/div>\n\n<p>&nbsp;<\/p>\n","protected":false},"excerpt":{"rendered":"<p>ja, es ist bald soweit, in ca 2,5 Wochen wird Nena das erste Mal Mama! Nena hat wie es sich geh\u00f6rt, schon ganz t\u00fcchtig zugelegt &#8211; fast ein Kilo! Der Bauch wird immer dicker, das Ges\u00e4uge bildet sich heraus und der Brustkorb ist breiter geworden! Nena geht es gut! Beim Futter ist sie recht w\u00e4hlerisch &hellip; <a href=\"https:\/\/vonderheideducht.de\/?p=793\" class=\"more-link\"><span class=\"screen-reader-text\">Nena wird in ca. 2 Wochen Mama!<\/span> weiterlesen <span class=\"meta-nav\">&rarr;<\/span><\/a><\/p>\n","protected":false},"author":1,"featured_media":0,"comment_status":"open","ping_status":"closed","sticky":false,"template":"","format":"standard","meta":{"ngg_post_thumbnail":0,"jetpack_post_was_ever_published":false,"_jetpack_newsletter_access":"","_jetpack_dont_email_post_to_subs":false,"_jetpack_newsletter_tier_id":0,"footnotes":"","jetpack_publicize_message":"","jetpack_publicize_feature_enabled":true,"jetpack_social_post_already_shared":true,"jetpack_social_options":{"image_generator_settings":{"template":"highway","enabled":false}}},"categories":[13],"tags":[],"class_list":["post-793","post","type-post","status-publish","format-standard","hentry","category-welpentagebuch-g-wurf"],"jetpack_publicize_connections":[],"jetpack_featured_media_url":"","jetpack_sharing_enabled":true,"jetpack_shortlink":"https:\/\/wp.me\/p71my5-cN","jetpack_likes_enabled":true,"_links":{"self":[{"href":"https:\/\/vonderheideducht.de\/index.php?rest_route=\/wp\/v2\/posts\/793","targetHints":{"allow":["GET"]}}],"collection":[{"href":"https:\/\/vonderheideducht.de\/index.php?rest_route=\/wp\/v2\/posts"}],"about":[{"href":"https:\/\/vonderheideducht.de\/index.php?rest_route=\/wp\/v2\/types\/post"}],"author":[{"embeddable":true,"href":"https:\/\/vonderheideducht.de\/index.php?rest_route=\/wp\/v2\/users\/1"}],"replies":[{"embeddable":true,"href":"https:\/\/vonderheideducht.de\/index.php?rest_route=%2Fwp%2Fv2%2Fcomments&post=793"}],"version-history":[{"count":2,"href":"https:\/\/vonderheideducht.de\/index.php?rest_route=\/wp\/v2\/posts\/793\/revisions"}],"predecessor-version":[{"id":1560,"href":"https:\/\/vonderheideducht.de\/index.php?rest_route=\/wp\/v2\/posts\/793\/revisions\/1560"}],"wp:attachment":[{"href":"https:\/\/vonderheideducht.de\/index.php?rest_route=%2Fwp%2Fv2%2Fmedia&parent=793"}],"wp:term":[{"taxonomy":"category","embeddable":true,"href":"https:\/\/vonderheideducht.de\/index.php?rest_route=%2Fwp%2Fv2%2Fcategories&post=793"},{"taxonomy":"post_tag","embeddable":true,"href":"https:\/\/vonderheideducht.de\/index.php?rest_route=%2Fwp%2Fv2%2Ftags&post=793"}],"curies":[{"name":"wp","href":"https:\/\/api.w.org\/{rel}","templated":true}]}}